{"id":332445,"date":"2025-08-20T21:19:29","date_gmt":"2025-08-20T21:19:29","guid":{"rendered":"https:\/\/www.europesays.com\/fr\/332445\/"},"modified":"2025-08-20T21:19:29","modified_gmt":"2025-08-20T21:19:29","slug":"un-francais-emprisonne-en-russie-fait-lobjet-dune-enquete-pour-espionnage","status":"publish","type":"post","link":"https:\/\/www.europesays.com\/fr\/332445\/","title":{"rendered":"Un Fran\u00e7ais emprisonn\u00e9 en Russie fait l&rsquo;objet d&rsquo;une enqu\u00eate pour espionnage"},"content":{"rendered":"<p>Le chercheur fran\u00e7ais Laurent Vinatier, qui purge une peine de trois ans dans une prison russe, fait d\u00e9sormais l\u2019objet d\u2019une enqu\u00eate pour espionnage, selon des documents judiciaires rendus publics mercredi, laissant pr\u00e9sager une prolongation de sa peine.<\/p>\n<p>Selon un document consult\u00e9 par l\u2019AFP, M. Vinatier a \u00e9t\u00e9 convoqu\u00e9 \u00e0 une nouvelle audience, cette fois pour espionnage, un chef d\u2019accusation passible d\u2019une peine pouvant aller jusqu\u2019\u00e0 20 ans de prison. <\/p>\n<p>\u00ab\u00a0Une audience a \u00e9t\u00e9 fix\u00e9e au 25 ao\u00fbt 2025 \u00e0 14h30\u00a0\u00bb, indique le document. Laurent Vinatier, qui travaillait pour une ONG suisse de m\u00e9diation dans les conflits, fait partie d\u2019un groupe d\u2019Occidentaux arr\u00eat\u00e9s en Russie alors que les tensions diplomatiques s\u2019intensifiaient autour de l\u2019Ukraine.<\/p>\n<p>Paris a exig\u00e9 de Moscou la lib\u00e9ration de son ressortissant, accusant la Russie de prendre des Occidentaux en otage. Il a \u00e9t\u00e9 reconnu coupable d\u2019avoir recueilli des informations sur l\u2019arm\u00e9e russe et d\u2019avoir enfreint la loi sur les \u00ab\u00a0agents \u00e9trangers\u00a0\u00bb, car il ne s\u2019\u00e9tait pas enregistr\u00e9 en tant que tel.<\/p>\n<p>M. Vinatier, qui travaillait comme conseiller au Centre pour le dialogue humanitaire, bas\u00e9 \u00e0 Gen\u00e8ve, est un chercheur chevronn\u00e9 sur la Russie et d\u2019autres pays post-sovi\u00e9tiques. <\/p>\n<p>Il a d\u00e9clar\u00e9 devant le tribunal que dans son travail, il s\u2019\u00e9tait toujours efforc\u00e9 de \u00ab\u00a0pr\u00e9senter les int\u00e9r\u00eats de la Russie dans les relations internationales\u00a0\u00bb.<\/p>\n","protected":false},"excerpt":{"rendered":"Le chercheur fran\u00e7ais Laurent Vinatier, qui purge une peine de trois ans dans une prison russe, fait d\u00e9sormais&hellip;\n","protected":false},"author":2,"featured_media":332446,"comment_status":"","ping_status":"","sticky":false,"template":"","format":"standard","meta":{"footnotes":""},"categories":[1591],"tags":[11,1887,12,1885,1886,132],"class_list":{"0":"post-332445","1":"post","2":"type-post","3":"status-publish","4":"format-standard","5":"has-post-thumbnail","7":"category-russie","8":"tag-actualites","9":"tag-federation-de-russie","10":"tag-news","11":"tag-russia","12":"tag-russian-federation","13":"tag-russie"},"share_on_mastodon":{"url":"https:\/\/pubeurope.com\/@fr\/115063184730002647","error":""},"_links":{"self":[{"href":"https:\/\/www.europesays.com\/fr\/wp-json\/wp\/v2\/posts\/332445","targetHints":{"allow":["GET"]}}],"collection":[{"href":"https:\/\/www.europesays.com\/fr\/wp-json\/wp\/v2\/posts"}],"about":[{"href":"https:\/\/www.europesays.com\/fr\/wp-json\/wp\/v2\/types\/post"}],"author":[{"embeddable":true,"href":"https:\/\/www.europesays.com\/fr\/wp-json\/wp\/v2\/users\/2"}],"replies":[{"embeddable":true,"href":"https:\/\/www.europesays.com\/fr\/wp-json\/wp\/v2\/comments?post=332445"}],"version-history":[{"count":0,"href":"https:\/\/www.europesays.com\/fr\/wp-json\/wp\/v2\/posts\/332445\/revisions"}],"wp:featuredmedia":[{"embeddable":true,"href":"https:\/\/www.europesays.com\/fr\/wp-json\/wp\/v2\/media\/332446"}],"wp:attachment":[{"href":"https:\/\/www.europesays.com\/fr\/wp-json\/wp\/v2\/media?parent=332445"}],"wp:term":[{"taxonomy":"category","embeddable":true,"href":"https:\/\/www.europesays.com\/fr\/wp-json\/wp\/v2\/categories?post=332445"},{"taxonomy":"post_tag","embeddable":true,"href":"https:\/\/www.europesays.com\/fr\/wp-json\/wp\/v2\/tags?post=332445"}],"curies":[{"name":"wp","href":"https:\/\/api.w.org\/{rel}","templated":true}]}}