{"id":332447,"date":"2025-08-20T21:20:22","date_gmt":"2025-08-20T21:20:22","guid":{"rendered":"https:\/\/www.europesays.com\/fr\/332447\/"},"modified":"2025-08-20T21:20:22","modified_gmt":"2025-08-20T21:20:22","slug":"moscou-met-en-garde-contre-toute-garantie-pour-lukraine-qui-ignorerait-ses-interets","status":"publish","type":"post","link":"https:\/\/www.europesays.com\/fr\/332447\/","title":{"rendered":"Moscou met en garde contre toute garantie pour l&rsquo;Ukraine qui ignorerait ses int\u00e9r\u00eats"},"content":{"rendered":"<p>Moscou a aussi calm\u00e9 les ardeurs concernant un potentiel sommet imminent entre les pr\u00e9sidents russe Vladimir Poutine et ukrainien Volodymyr Zelensky, argumentant qu\u2019une telle rencontre devait \u00eatre \u00abpr\u00e9par\u00e9e avec le plus grand soin\u00bb.<\/p>\n<p class=\"fig-paragraph\">La Russie a averti mercredi que toute discussion sur les garanties de s\u00e9curit\u00e9 que les Occidentaux envisagent de donner \u00e0 l&rsquo;Ukraine qui ne prendrait pas en compte la position de Moscou ne m\u00e8nerait \u00abnulle part\u00bb. Moscou a aussi une nouvelle fois calm\u00e9 les ardeurs concernant un potentiel sommet imminent entre les pr\u00e9sidents russe\u00a0<a href=\"http:\/\/www.lefigaro.fr\/international\/guerre-en-ukraine-vladimir-poutine-va-t-il-vraiment-accepter-une-rencontre-avec-volodymyr-zelensky-20250819\" target=\"_blank\" data-fig-type=\"Article\" rel=\"noopener\" data-gtm-custom-categorie=\"navigation\" data-gtm-custom-action=\"crossclick\" data-gtm-custom-label=\"Contextuel\" data-gtm-event=\"customEventSPE\" data-fig-domain=\"LEFIGARO\">Vladimir Poutine<\/a>\u00a0et ukrainien\u00a0<a href=\"http:\/\/www.lefigaro.fr\/international\/guerre-en-ukraine-zelensky-et-les-europeens-face-au-deal-de-trump-20250818\" target=\"_blank\" data-fig-type=\"Article\" rel=\"noopener\" data-gtm-custom-categorie=\"navigation\" data-gtm-custom-action=\"crossclick\" data-gtm-custom-label=\"Contextuel\" data-gtm-event=\"customEventSPE\" data-fig-domain=\"LEFIGARO\">Volodymyr Zelensky<\/a>, argumentant qu&rsquo;une telle rencontre devait \u00eatre \u00abpr\u00e9par\u00e9e avec le plus grand soin\u00bb.<\/p>\n<p class=\"fig-paragraph\">Au-del\u00e0 des consid\u00e9rations territoriales, la question de ces garanties de s\u00e9curit\u00e9, r\u00e9clam\u00e9es par l&rsquo;Ukraine pour dissuader la Russie de toute nouvelle agression en cas de paix, est au c\u0153ur des efforts diplomatiques en cours pour trouver une issue au conflit lanc\u00e9e en 2022. Europ\u00e9ens et Am\u00e9ricains ont \u00e9voqu\u00e9 ces derniers mois diff\u00e9rentes possibilit\u00e9s allant de garanties similaires au fameux \u00abarticle 5\u00bb de l&rsquo;Otan au d\u00e9ploiement d&rsquo;un contingent militaire en Ukraine ou encore d&rsquo;un soutien en mati\u00e8re de formation, a\u00e9rien ou naval.<\/p>\n<p>                                    <a class=\"fig-a11y-skip a11y-hidden\" href=\"#fig-a11y-skip-main-inarticle\"><br \/>\n        Passer la publicit\u00e9<br \/>\n    <\/a><\/p>\n<p class=\"fig-paragraph\">La Russie, qui consid\u00e8re l&rsquo;expansion de l&rsquo;Otan \u00e0 ses fronti\u00e8res comme l&rsquo;une des \u00abcauses profondes\u00bb ayant men\u00e9 au conflit, rejette de son c\u00f4t\u00e9 cat\u00e9goriquement la plupart de ces \u00e9ventualit\u00e9s. \u00abDiscuter s\u00e9rieusement de garanties de s\u00e9curit\u00e9 sans la Russie est utopique, c&rsquo;est une voie qui ne m\u00e8ne nulle part\u00bb, a ass\u00e9n\u00e9 mercredi le chef de la diplomatie russe, Sergue\u00ef Lavrov, pour qui \u00ables questions de s\u00e9curit\u00e9 collective\u00bb ne peuvent \u00eatre abord\u00e9es \u00absans la Russie\u00bb.<\/p>\n<p>\u00abEscalade\u00bb<\/p>\n<p class=\"fig-paragraph\">Sergue\u00ef Lavrov a aussi accus\u00e9 les dirigeants europ\u00e9ens, qui ont accompagn\u00e9 lundi Volodymyr Zelensky lors de sa visite \u00e0 Washington, de mener \u00e0 une \u00abescalade agressive de la situation\u00bb en cherchant \u00abmaladroitement\u00bb \u00e0 influencer Donald Trump pour qu&rsquo;il continue \u00e0 armer l&rsquo;Ukraine. Donald Trump, qui a re\u00e7u Volodymyr Zelensky lundi apr\u00e8s s&rsquo;\u00eatre entretenu avec Vladimir Poutine vendredi en Alaska, souhaite d\u00e9sormais organiser un sommet entre les deux dirigeants, auquel le Kremlin est selon lui favorable.<\/p>\n<p class=\"fig-paragraph\">Moscou envisage pourtant un tel sommet seulement dans la phase finale des n\u00e9gociations devant mener \u00e0 un accord de paix. Sergue\u00ef Lavrov a indiqu\u00e9 mercredi que cette rencontre ne devait pas \u00eatre pr\u00e9cipit\u00e9e pour qu&rsquo;elle ne d\u00e9bouche pas sur une \u00abd\u00e9t\u00e9rioration de la situation\u00bb. Le pr\u00e9sident russe a propos\u00e9, au t\u00e9l\u00e9phone lundi soir avec Donald Trump, de voir Volodymyr Zelensky \u00e0 Moscou, ont r\u00e9v\u00e9l\u00e9 \u00e0 l&rsquo;AFP trois sources proches du dossier, mais le chef d&rsquo;\u00c9tat ukrainien a refus\u00e9.<\/p>\n<p class=\"fig-paragraph\">Pour mettre fin \u00e0 son assaut, la Russie r\u00e9clame notamment que l&rsquo;Ukraine lui c\u00e8de quatre r\u00e9gions partiellement occup\u00e9es, en plus de la Crim\u00e9e annex\u00e9e en 2014, et renonce \u00e0 int\u00e9grer l&rsquo;Alliance atlantique. L&rsquo;Otan a de son c\u00f4t\u00e9 r\u00e9uni mercredi apr\u00e8s-midi en visioconf\u00e9rence les chefs d&rsquo;\u00e9tat-major de ses pays membres au sujet de l&rsquo;Ukraine. \u00abSur l&rsquo;Ukraine, nous avons confirm\u00e9 notre soutien. La priorit\u00e9 continue \u00e0 \u00eatre une paix juste, cr\u00e9dible et durable\u00bb, a indiqu\u00e9 sur X l&rsquo;amiral Giuseppe Cavo Dragone, qui pr\u00e9side le comit\u00e9 militaire de l&rsquo;Otan. \u00abNos pens\u00e9es demeurent aupr\u00e8s des courageux combattants et combattantes ukrainiens\u00bb, a-t-il ajout\u00e9 \u00e0 l&rsquo;issue de la r\u00e9union.<\/p>\n<p class=\"fig-paragraph\">Mardi, Donald Trump s&rsquo;\u00e9tait dit pr\u00eat \u00e0 ce que les \u00c9tats-Unis apportent un soutien militaire a\u00e9rien en guise de garanties de s\u00e9curit\u00e9 \u00e0 l&rsquo;Ukraine en cas d&rsquo;accord de paix avec la Russie, tout en excluant des soldats au sol, une mission d\u00e9volue aux alli\u00e9s europ\u00e9ens.<\/p>\n<p>                                    <a class=\"fig-a11y-skip a11y-hidden\" href=\"#fig-a11y-skip-main-inarticle_mtf\"><br \/>\n        Passer la publicit\u00e9<br \/>\n    <\/a><\/p>\n<p>\u00abForce de r\u00e9assurance\u00bb<\/p>\n<p class=\"fig-paragraph\">Tous les participants aux r\u00e9unions de la Maison-Blanche lundi se sont f\u00e9licit\u00e9s d&rsquo;avanc\u00e9es sur le dossier central des garanties de s\u00e9curit\u00e9 \u00e0 Kiev et ont d\u00e9clar\u00e9 que Vladimir Poutine avait accept\u00e9 le principe d&rsquo;un sommet avec Volodymyr Zelensky dans les prochaines semaines. Si une rencontre bilat\u00e9rale se passe bien, une r\u00e9union tripartite pourrait suivre avec\u00a0<a href=\"http:\/\/www.lefigaro.fr\/international\/helsinki-plutot-que-yalta-alexander-stubb-ce-president-finlandais-qui-golfe-avec-trump-et-veut-peser-sur-l-ukraine-20250820\" target=\"_blank\" data-fig-type=\"Article\" rel=\"noopener\" data-gtm-custom-categorie=\"navigation\" data-gtm-custom-action=\"crossclick\" data-gtm-custom-label=\"Contextuel\" data-gtm-event=\"customEventSPE\" data-fig-domain=\"LEFIGARO\">Donald Trump<\/a>, avait propos\u00e9 ce dernier lundi.<\/p>\n<p class=\"fig-paragraph\">Mardi \u00e9galement, la \u00abcoalition des volontaires\u00bb, une trentaine de pays surtout europ\u00e9ens soutenant l&rsquo;Ukraine, s&rsquo;est r\u00e9unie par visioconf\u00e9rence sous les auspices du Premier ministre britannique, Keir Starmer, et du pr\u00e9sident fran\u00e7ais Emmanuel Macron, afin de rendre compte des entretiens de la veille \u00e0 Washington. Des \u00e9quipes de planification europ\u00e9ennes et am\u00e9ricaines devraient se contacter dans \u00ables prochains jours\u00bb pour \u00abpr\u00e9parer le d\u00e9ploiement d&rsquo;une force de r\u00e9assurance si les hostilit\u00e9s prenaient fin\u00bb, a pr\u00e9cis\u00e9 un porte-parole de\u00a0<a href=\"http:\/\/www.lefigaro.fr\/international\/keir-starmer-annonce-un-accord-pour-un-echange-de-migrants-entre-le-royaume-uni-et-la-france-20250710\" target=\"_blank\" data-fig-type=\"NewsFlash\" rel=\"noopener\" data-gtm-custom-categorie=\"navigation\" data-gtm-custom-action=\"crossclick\" data-gtm-custom-label=\"Contextuel\" data-gtm-event=\"customEventSPE\" data-fig-domain=\"LEFIGARO\">Keir Starmer<\/a>.<\/p>\n<p class=\"fig-paragraph\">La question des concessions territoriales exig\u00e9es par la Russie reste une grande inconnue, alors que ses troupes occupent pr\u00e8s de 20% du territoire ukrainien. Washington, comme les Europ\u00e9ens, assure qu&rsquo;elle doit \u00eatre r\u00e9gl\u00e9e directement entre Moscou et Kiev, qui a exclu \u00e0 ce jour toute perte de territoire. Pour Donald Trump, en revanche, qui a appel\u00e9 Volodymyr Zelensky \u00e0 faire preuve de \u00absouplesse\u00bb, l&rsquo;Ukraine devra s&rsquo;y r\u00e9soudre, en particulier pour le Donbass, r\u00e9gion industrielle et mini\u00e8re de l&rsquo;est du pays. Pendant ce temps, sur le front, l&rsquo;arm\u00e9e russe a poursuivi sa progression. Elle a revendiqu\u00e9 mercredi la prise de trois nouvelles localit\u00e9s dans les r\u00e9gions de Donetsk (est) et de Dnipropetrovsk (centre-est), face \u00e0 un adversaire moins nombreux et moins bien \u00e9quip\u00e9.<\/p>\n","protected":false},"excerpt":{"rendered":"Moscou a aussi calm\u00e9 les ardeurs concernant un potentiel sommet imminent entre les pr\u00e9sidents russe Vladimir Poutine et&hellip;\n","protected":false},"author":2,"featured_media":332448,"comment_status":"","ping_status":"","sticky":false,"template":"","format":"standard","meta":{"footnotes":""},"categories":[1590],"tags":[11,1777,674,131,12,220],"class_list":{"0":"post-332447","1":"post","2":"type-post","3":"status-publish","4":"format-standard","5":"has-post-thumbnail","7":"category-ukraine","8":"tag-actualites","9":"tag-eu","10":"tag-europe","11":"tag-guerre-en-ukraine","12":"tag-news","13":"tag-ukraine"},"share_on_mastodon":{"url":"https:\/\/pubeurope.com\/@fr\/115063188525459158","error":""},"_links":{"self":[{"href":"https:\/\/www.europesays.com\/fr\/wp-json\/wp\/v2\/posts\/332447","targetHints":{"allow":["GET"]}}],"collection":[{"href":"https:\/\/www.europesays.com\/fr\/wp-json\/wp\/v2\/posts"}],"about":[{"href":"https:\/\/www.europesays.com\/fr\/wp-json\/wp\/v2\/types\/post"}],"author":[{"embeddable":true,"href":"https:\/\/www.europesays.com\/fr\/wp-json\/wp\/v2\/users\/2"}],"replies":[{"embeddable":true,"href":"https:\/\/www.europesays.com\/fr\/wp-json\/wp\/v2\/comments?post=332447"}],"version-history":[{"count":0,"href":"https:\/\/www.europesays.com\/fr\/wp-json\/wp\/v2\/posts\/332447\/revisions"}],"wp:featuredmedia":[{"embeddable":true,"href":"https:\/\/www.europesays.com\/fr\/wp-json\/wp\/v2\/media\/332448"}],"wp:attachment":[{"href":"https:\/\/www.europesays.com\/fr\/wp-json\/wp\/v2\/media?parent=332447"}],"wp:term":[{"taxonomy":"category","embeddable":true,"href":"https:\/\/www.europesays.com\/fr\/wp-json\/wp\/v2\/categories?post=332447"},{"taxonomy":"post_tag","embeddable":true,"href":"https:\/\/www.europesays.com\/fr\/wp-json\/wp\/v2\/tags?post=332447"}],"curies":[{"name":"wp","href":"https:\/\/api.w.org\/{rel}","templated":true}]}}