{"id":332453,"date":"2025-08-20T21:24:13","date_gmt":"2025-08-20T21:24:13","guid":{"rendered":"https:\/\/www.europesays.com\/fr\/332453\/"},"modified":"2025-08-20T21:24:13","modified_gmt":"2025-08-20T21:24:13","slug":"une-conductrice-venue-de-france-seme-la-pagaille","status":"publish","type":"post","link":"https:\/\/www.europesays.com\/fr\/332453\/","title":{"rendered":"une conductrice venue de France s\u00e8me la pagaille"},"content":{"rendered":"<p>Situation dangereuse et insolite sur l\u2019autoroute A5 ce mardi soir\u00a0: une femme de 50 ans s\u2019est arr\u00eat\u00e9e sur l\u2019autoroute pr\u00e8s d\u2019Appenweier, tout pr\u00e8s de Kehl, entre la voie de gauche et la voie centrale. Elle est ensuite sortie de sa voiture et s\u2019est mise \u00e0 danser. Selon la police, l\u2019incident s\u2019est produit entre Appenweier et Offenbourg en direction de B\u00e2le, alors que la circulation \u00e9tait fluide.<\/p>\n<p>Des t\u00e9moins ont alert\u00e9 la police, qui a bri\u00e8vement interrompu la circulation dans les deux sens sur l\u2019autoroute A5. Avant l\u2019arriv\u00e9e des forces de l\u2019ordre, d\u2019autres usagers de la route ont r\u00e9ussi \u00e0 \u00e9carter la femme de la chauss\u00e9e, a d\u00e9clar\u00e9 un porte-parole de la police, <a href=\"https:\/\/www.swr.de\/swraktuell\/baden-wuerttemberg\/suedbaden\/frau-legt-mit-tanz-verkehr-auf-a5-zwischen-appenweiher-und-offenburg-lahm-100.html?at_medium=social&amp;at_campaign=info%40swr.de&amp;at_source=whatsapp\" target=\"_blank\" rel=\"nofollow noopener\">comme l\u2019a indiqu\u00e9 le m\u00e9dia allemand SWR.<\/a><\/p>\n<p>Lors de l\u2019interrogatoire qui a suivi, la femme, qui r\u00e9side en France, a justifi\u00e9 son num\u00e9ro de danse en expliquant qu\u2019elle \u00e9tait agac\u00e9e par la circulation. Son permis de conduire et les cl\u00e9s de sa voiture ont \u00e9t\u00e9 confisqu\u00e9s et une enqu\u00eate a \u00e9t\u00e9 ouverte \u00e0 son encontre. Un examen m\u00e9dical n\u2019a r\u00e9v\u00e9l\u00e9 aucun signe de trouble psychique. Et la\u00a0conductrice n\u2018\u00e9tait ni sous l\u2019influence de la drogue, ni de l\u2019alcool. \u00ab\u00a0Nous n\u2019avions aucun motif pour l\u2019arr\u00eater\u00a0\u00bb, a ajout\u00e9 le porte-parole de la police. La femme a donc \u00e9t\u00e9 remise en libert\u00e9.<\/p>\n<p>  \u00ab\u00a0Ce que cette femme a fait, c\u2019est suicidaire \u00bb<\/p>\n<p>Personne n\u2019a \u00e9t\u00e9 bless\u00e9 lors de l\u2019incident, ce qui tient du miracle, selon la police. \u00ab\u00a0Elle a eu beaucoup de chance\u00a0\u00bb, a d\u00e9clar\u00e9 le porte-parole de la police. \u00ab\u00a0Le simple fait de s\u2019arr\u00eater sur l\u2019autoroute est tr\u00e8s dangereux, pour soi-m\u00eame, mais aussi pour les autres.\u00a0Mais ensuite, descendre de son v\u00e9hicule&#8230; Ce que cette femme a fait, c\u2019est vraiment suicidaire.\u00a0\u00bb<\/p>\n<p>  Nouvel incident le lendemain<\/p>\n<p>Mercredi matin, un nouvel incident impliquant la m\u00eame femme s\u2019est produit\u00a0: selon la police, elle s\u2019est cette fois install\u00e9e, les bras crois\u00e9s, au milieu d\u2019un carrefour \u00e0 Offenbourg et a, \u00e0 nouveau, bloqu\u00e9 la circulation. Les agents ont alors reconduit la femme de 50 ans \u00e0 la fronti\u00e8re fran\u00e7aise.<\/p>\n","protected":false},"excerpt":{"rendered":"Situation dangereuse et insolite sur l\u2019autoroute A5 ce mardi soir\u00a0: une femme de 50 ans s\u2019est arr\u00eat\u00e9e sur&hellip;\n","protected":false},"author":2,"featured_media":332454,"comment_status":"","ping_status":"","sticky":false,"template":"","format":"standard","meta":{"footnotes":""},"categories":[1587],"tags":[119,11,672,2389,1804,1805,1803,1777,674,274,107,329,1801,1757,12,1802,1806],"class_list":{"0":"post-332453","1":"post","2":"type-post","3":"status-publish","4":"format-standard","5":"has-post-thumbnail","7":"category-allemagne","8":"tag-accident","9":"tag-actualites","10":"tag-allemagne","11":"tag-alsace","12":"tag-bundesrepublik-deutschland","13":"tag-de","14":"tag-deutschland","15":"tag-eu","16":"tag-europe","17":"tag-faits-divers-justice","18":"tag-fil-info","19":"tag-france-monde","20":"tag-germany","21":"tag-insolite","22":"tag-news","23":"tag-republique-federale-dallemagne","24":"tag-rheinblick"},"share_on_mastodon":{"url":"https:\/\/pubeurope.com\/@fr\/115063204355311325","error":""},"_links":{"self":[{"href":"https:\/\/www.europesays.com\/fr\/wp-json\/wp\/v2\/posts\/332453","targetHints":{"allow":["GET"]}}],"collection":[{"href":"https:\/\/www.europesays.com\/fr\/wp-json\/wp\/v2\/posts"}],"about":[{"href":"https:\/\/www.europesays.com\/fr\/wp-json\/wp\/v2\/types\/post"}],"author":[{"embeddable":true,"href":"https:\/\/www.europesays.com\/fr\/wp-json\/wp\/v2\/users\/2"}],"replies":[{"embeddable":true,"href":"https:\/\/www.europesays.com\/fr\/wp-json\/wp\/v2\/comments?post=332453"}],"version-history":[{"count":0,"href":"https:\/\/www.europesays.com\/fr\/wp-json\/wp\/v2\/posts\/332453\/revisions"}],"wp:featuredmedia":[{"embeddable":true,"href":"https:\/\/www.europesays.com\/fr\/wp-json\/wp\/v2\/media\/332454"}],"wp:attachment":[{"href":"https:\/\/www.europesays.com\/fr\/wp-json\/wp\/v2\/media?parent=332453"}],"wp:term":[{"taxonomy":"category","embeddable":true,"href":"https:\/\/www.europesays.com\/fr\/wp-json\/wp\/v2\/categories?post=332453"},{"taxonomy":"post_tag","embeddable":true,"href":"https:\/\/www.europesays.com\/fr\/wp-json\/wp\/v2\/tags?post=332453"}],"curies":[{"name":"wp","href":"https:\/\/api.w.org\/{rel}","templated":true}]}}