{"id":332456,"date":"2025-08-20T21:26:15","date_gmt":"2025-08-20T21:26:15","guid":{"rendered":"https:\/\/www.europesays.com\/fr\/332456\/"},"modified":"2025-08-20T21:26:15","modified_gmt":"2025-08-20T21:26:15","slug":"il-a-eu-la-bonne-reponse-musliu-shoshi-sur-le-non-vote-de-donika-gervalla","status":"publish","type":"post","link":"https:\/\/www.europesays.com\/fr\/332456\/","title":{"rendered":"\u00ab\u00a0Il a eu la bonne r\u00e9ponse\u00a0\u00bb, Musliu-Shoshi sur le non-vote de Donika G\u00ebrvalla"},"content":{"rendered":"<p>                                                \u00ab\u00a0Il a eu la bonne r\u00e9ponse\u00a0\u00bb, Musliu-Shoshi sur le non-vote de Donika G\u00ebrvalla                    <\/p>\n<p>                        <img decoding=\"async\" src=\"https:\/\/www.europesays.com\/fr\/wp-content\/uploads\/2025\/08\/Musliu-Shoshi-per-fushaten-e-Kurtit-ne-Gjermani-Nje-milion-euro-nga-xhepi-i-qytetareve-per-shetitjet.jpeg\" alt=\"\"\/><\/p>\n<p>                        nouvelles<\/p>\n<p>                            <img decoding=\"async\" src=\"https:\/\/www.europesays.com\/fr\/wp-content\/uploads\/2025\/08\/1754177174_227_LogoExpress-96x96.png\" alt=\"\"\/><\/p>\n<p>                        Gazeta Express<br \/>\n                        20\/08\/2025 21:11<\/p>\n<p class=\"gt-block\"><strong>La d\u00e9put\u00e9e du Parti d\u00e9mocratique du Kosovo, Ariana Musliu-Shoshi, a d\u00e9clar\u00e9 que le non-vote de Donika G\u00ebrvalla \u00e0 la pr\u00e9sidence de l&rsquo;Assembl\u00e9e \u00e9tait la r\u00e9ponse la plus claire des d\u00e9put\u00e9s.<\/strong><\/p>\n<p>Dans une publication sur Facebook, Musliu-Shoshi a d\u00e9clar\u00e9 que G\u00ebrvalla ne peut pas avoir le soutien des d\u00e9put\u00e9s, avec une carri\u00e8re construite sur des attaques contre les lib\u00e9rateurs et les valeurs de la R\u00e9publique.<\/p>\n<p>Donika G\u00ebrvalla a re\u00e7u aujourd&rsquo;hui la r\u00e9ponse la plus claire des d\u00e9put\u00e9s de l&rsquo;Assembl\u00e9e du Kosovo. La v\u00e9rit\u00e9 est simple\u00a0: une femme politique qui a b\u00e2ti sa carri\u00e8re sur des attaques contre les lib\u00e9rateurs et les valeurs sur lesquelles notre R\u00e9publique a \u00e9t\u00e9 fond\u00e9e ne peut b\u00e9n\u00e9ficier du soutien des d\u00e9put\u00e9s et si\u00e9ger \u00e0 la t\u00eate du temple de la d\u00e9mocratie, l&rsquo;Assembl\u00e9e du Kosovo. L&rsquo;Assembl\u00e9e ne peut \u00eatre dirig\u00e9e par ceux qui nient la guerre et calomnient la libert\u00e9\u00a0!\u00a0\u00bb, a \u00e9crit Musliu-Shoshi.<\/p>\n<p>Nous rappelons qu&rsquo;apr\u00e8s l&rsquo;\u00e9chec d&rsquo;Albulena Haxhiu \u00e0 devenir pr\u00e9sidente de l&rsquo;Assembl\u00e9e de la R\u00e9publique du Kosovo, le groupe parlementaire ayant obtenu le plus de voix aux \u00e9lections centrales, LVV, a propos\u00e9 le nom de Donika G\u00ebrvalla pour ce poste.<\/p>\n<p>G\u00ebrvalla a re\u00e7u 57 voix pour, 56 contre et trois abstentions.<\/p>\n","protected":false},"excerpt":{"rendered":"\u00ab\u00a0Il a eu la bonne r\u00e9ponse\u00a0\u00bb, Musliu-Shoshi sur le non-vote de Donika G\u00ebrvalla nouvelles Gazeta Express 20\/08\/2025 21:11&hellip;\n","protected":false},"author":2,"featured_media":332457,"comment_status":"","ping_status":"","sticky":false,"template":"","format":"standard","meta":{"footnotes":""},"categories":[1586],"tags":[11,1777,674,1779,1011,27,12,25,1778,364],"class_list":{"0":"post-332456","1":"post","2":"type-post","3":"status-publish","4":"format-standard","5":"has-post-thumbnail","7":"category-europe","8":"tag-actualites","9":"tag-eu","10":"tag-europe","11":"tag-european-union","12":"tag-fr","13":"tag-france","14":"tag-news","15":"tag-republique-francaise","16":"tag-ue","17":"tag-union-europeenne"},"share_on_mastodon":{"url":"https:\/\/pubeurope.com\/@fr\/115063212219382216","error":""},"_links":{"self":[{"href":"https:\/\/www.europesays.com\/fr\/wp-json\/wp\/v2\/posts\/332456","targetHints":{"allow":["GET"]}}],"collection":[{"href":"https:\/\/www.europesays.com\/fr\/wp-json\/wp\/v2\/posts"}],"about":[{"href":"https:\/\/www.europesays.com\/fr\/wp-json\/wp\/v2\/types\/post"}],"author":[{"embeddable":true,"href":"https:\/\/www.europesays.com\/fr\/wp-json\/wp\/v2\/users\/2"}],"replies":[{"embeddable":true,"href":"https:\/\/www.europesays.com\/fr\/wp-json\/wp\/v2\/comments?post=332456"}],"version-history":[{"count":0,"href":"https:\/\/www.europesays.com\/fr\/wp-json\/wp\/v2\/posts\/332456\/revisions"}],"wp:featuredmedia":[{"embeddable":true,"href":"https:\/\/www.europesays.com\/fr\/wp-json\/wp\/v2\/media\/332457"}],"wp:attachment":[{"href":"https:\/\/www.europesays.com\/fr\/wp-json\/wp\/v2\/media?parent=332456"}],"wp:term":[{"taxonomy":"category","embeddable":true,"href":"https:\/\/www.europesays.com\/fr\/wp-json\/wp\/v2\/categories?post=332456"},{"taxonomy":"post_tag","embeddable":true,"href":"https:\/\/www.europesays.com\/fr\/wp-json\/wp\/v2\/tags?post=332456"}],"curies":[{"name":"wp","href":"https:\/\/api.w.org\/{rel}","templated":true}]}}