{"id":332458,"date":"2025-08-20T21:27:11","date_gmt":"2025-08-20T21:27:11","guid":{"rendered":"https:\/\/www.europesays.com\/fr\/332458\/"},"modified":"2025-08-20T21:27:11","modified_gmt":"2025-08-20T21:27:11","slug":"haute-savoie-deux-morts-et-deux-blesses-dans-leboulement-rocheux-de-la-route-des-egratz","status":"publish","type":"post","link":"https:\/\/www.europesays.com\/fr\/332458\/","title":{"rendered":"Haute-Savoie. Deux morts et deux bless\u00e9s dans l&rsquo;\u00e9boulement rocheux de la route des \u00c9gratz"},"content":{"rendered":"<p>En fin de journ\u00e9e ce mercredi 20\u00a0ao\u00fbt, \u00e0 l\u2019heure o\u00f9 de nombreux excursionnistes venus \u00e0 la journ\u00e9e en vall\u00e9e de Chamonix redescendaient vers leur r\u00e9sidence de vacances, un \u00e9boulement rocheux s\u2019est produit sur la RN 205. Ces chutes de pierres et de roches se sont produites dans la descente des \u00c9gratz, l\u00e0 o\u00f9 la route longe la paroi.En fin de journ\u00e9e ce mercredi 20\u00a0ao\u00fbt, \u00e0 l\u2019heure o\u00f9 de nombreux excursionnistes venus \u00e0 la journ\u00e9e en vall\u00e9e de Chamonix redescendaient vers leur r\u00e9sidence de vacances, un \u00e9boulement rocheux s\u2019est produit sur la RN 205. Ces chutes de pierres et de roches se sont produites dans la descente des \u00c9gratz, l\u00e0 o\u00f9 la route longe la paroi.<\/p>\n<p class=\"xsm-p\">Selon nos premi\u00e8res informations, une voiture a \u00e9t\u00e9 percut\u00e9e de plein fouet par des blocs. Il y aurait plusieurs victimes et peut-\u00eatre une ou deux personnes d\u00e9c\u00e9d\u00e9es.<\/p>\n<p class=\"xsm-p\">Les secours ont d\u00e9clench\u00e9 de gros moyens, avec quatre ambulances de secours \u00e0 personne des pompiers, le SAMU des H\u00f4pitaux du Pays du Mont-Blanc et l\u2019h\u00e9licopt\u00e8re du secours en montagne. Derri\u00e8re cet accident, un long bouchon de voitures s\u2019est form\u00e9. La circulation est totalement arr\u00eat\u00e9e.<\/p>\n","protected":false},"excerpt":{"rendered":"En fin de journ\u00e9e ce mercredi 20\u00a0ao\u00fbt, \u00e0 l\u2019heure o\u00f9 de nombreux excursionnistes venus \u00e0 la journ\u00e9e en&hellip;\n","protected":false},"author":2,"featured_media":332459,"comment_status":"","ping_status":"","sticky":false,"template":"","format":"standard","meta":{"footnotes":""},"categories":[2],"tags":[119,11,9323,3542,9543,436,274,107,1011,27,4638,12,17017,25,2803],"class_list":{"0":"post-332458","1":"post","2":"type-post","3":"status-publish","4":"format-standard","5":"has-post-thumbnail","7":"category-actualites","8":"tag-accident","9":"tag-actualites","10":"tag-catastrophes","11":"tag-circulation","12":"tag-edition-mont-blanc-arve","13":"tag-environnement","14":"tag-faits-divers-justice","15":"tag-fil-info","16":"tag-fr","17":"tag-france","18":"tag-haute-savoie","19":"tag-news","20":"tag-passy","21":"tag-republique-francaise","22":"tag-transport"},"share_on_mastodon":{"url":"https:\/\/pubeurope.com\/@fr\/115063216166094439","error":""},"_links":{"self":[{"href":"https:\/\/www.europesays.com\/fr\/wp-json\/wp\/v2\/posts\/332458","targetHints":{"allow":["GET"]}}],"collection":[{"href":"https:\/\/www.europesays.com\/fr\/wp-json\/wp\/v2\/posts"}],"about":[{"href":"https:\/\/www.europesays.com\/fr\/wp-json\/wp\/v2\/types\/post"}],"author":[{"embeddable":true,"href":"https:\/\/www.europesays.com\/fr\/wp-json\/wp\/v2\/users\/2"}],"replies":[{"embeddable":true,"href":"https:\/\/www.europesays.com\/fr\/wp-json\/wp\/v2\/comments?post=332458"}],"version-history":[{"count":0,"href":"https:\/\/www.europesays.com\/fr\/wp-json\/wp\/v2\/posts\/332458\/revisions"}],"wp:featuredmedia":[{"embeddable":true,"href":"https:\/\/www.europesays.com\/fr\/wp-json\/wp\/v2\/media\/332459"}],"wp:attachment":[{"href":"https:\/\/www.europesays.com\/fr\/wp-json\/wp\/v2\/media?parent=332458"}],"wp:term":[{"taxonomy":"category","embeddable":true,"href":"https:\/\/www.europesays.com\/fr\/wp-json\/wp\/v2\/categories?post=332458"},{"taxonomy":"post_tag","embeddable":true,"href":"https:\/\/www.europesays.com\/fr\/wp-json\/wp\/v2\/tags?post=332458"}],"curies":[{"name":"wp","href":"https:\/\/api.w.org\/{rel}","templated":true}]}}