{"id":332465,"date":"2025-08-20T21:31:09","date_gmt":"2025-08-20T21:31:09","guid":{"rendered":"https:\/\/www.europesays.com\/fr\/332465\/"},"modified":"2025-08-20T21:31:09","modified_gmt":"2025-08-20T21:31:09","slug":"a-quelle-heure-et-sur-quelle-chaine-regarder-le-match-france-serbie-lequipe","status":"publish","type":"post","link":"https:\/\/www.europesays.com\/fr\/332465\/","title":{"rendered":"\u00c0 quelle heure et sur quelle cha\u00eene regarder le match France-Serbie ? &#8211; L&#039;\u00c9quipe"},"content":{"rendered":"<ol>\n<li><a href=\"https:\/\/news.google.com\/rss\/articles\/CBMivgFBVV95cUxQeV8tdXppSG5WblcxNDVTNzdmcVIzTkltemtzWW1lS0dEXy1hSVFGd3hTbk8wemU2cThOV1ZvNUNjeWFtSEktcmxxMnRzUkZKdVd4eG43ZTFtTklHMy1wc2E4R25VY3ZDODc2alYweDhnU241amtiOVFpcS1DR1czc1dHSEwxT0hSd3h5NHBIa01YMWVpQ1BMM3dSUjNTcWZCTTdveW5kdi1WU1V0cFdvcDhYV3ZEck5GUkxBMFN3?oc=5\" target=\"_blank\" rel=\"nofollow noopener\">\u00c0 quelle heure et sur quelle cha\u00eene regarder le match France-Serbie ?<\/a>&nbsp;&nbsp;L&rsquo;\u00c9quipe<\/li>\n<li><a href=\"https:\/\/news.google.com\/rss\/articles\/CBMizAFBVV95cUxPWllEZ0NMZklIWHI5cEpjdFI2bTRMN1BKcnpGVzFRQzVYTTg1blAtX1Z4aHZRUy1GX3FVbUh0Wi1teWZiUkpBR2t5TFR5NDRoNFR4RThwX25SVE5pLUxjdk1CT0dEVU1sVm1TekFPZGo0ZzBMbktPVWJHZTRMUjRHTmtZYTZQNUx5NUo5TXZxb0RvSTV0QzZUX1Z4MXRnZGdsLWhhN0F6SFpCZ2E5VVNhWmVJa09GcjVmMHNPRUJ0c2U2aDRTTWUzR3k3LUQ?oc=5\" target=\"_blank\" rel=\"nofollow noopener\">Ngapeth, un retour au meilleur moment pour se tester avant le Championnat du monde<\/a>&nbsp;&nbsp;L&rsquo;\u00c9quipe<\/li>\n<li><a href=\"https:\/\/news.google.com\/rss\/articles\/CBMiwwFBVV95cUxNandmTHJxTXkydk9GeVZmempLcVdmRk9qUmZZZzZPOE1fVm5GLTZ3cDh0U3RtVTFBOEFtcE5wN1VWZk4yQ0hERFRMdlpmV0h2VWJncWhfQmh0dU1RNVRNak9rOEtnME9nby1OTXUyNjRVd3g4bFFYeE9ubUZTNGNzQklVV1hxaEpJMlVRRVp2aDFrZFYwNWlJS1ByRXNYT2ZuYVdnVk50VDY4SzRXUU8wUlhacnlOaC1GNG5UREdidnhva0E?oc=5\" target=\"_blank\" rel=\"nofollow noopener\">Le replay de France &#8211; Serbie (set 4) &#8211; Volley &#8211; Amical &#8211; Bleus<\/a>&nbsp;&nbsp;Orange Actualit\u00e9s | Sports<\/li>\n<li><a href=\"https:\/\/news.google.com\/rss\/articles\/CBMi-AFBVV95cUxOVnFnWkNMSWh0Z0RuWFgwNDQ1QnlYT3ZLNGlZTTdWRkh5T0ZTV3EtVFRzYzc4N0JuLWRQSG1OdEhxRXpMSVh2ZDFiWkJ0aE1CSHozdllJOVE2NmtlcGkxYm9tdU41VFpUVm1XY0lzOXUzdl9WTjhQY3lNb01iTnZYZTNxQ1FKN1phUXF2LXc3eXNEeWc0QlQ1cGp4NEVOakh1RlkxZ2paSTJxdDRjTkJ0X2hZQURuZXV4Y2R5TlRlLWdPak1mVGxLb3MzdHNCV2M0S1ZHLTgtaVUxYWtDdTJzaG9BZngzUVRtX0hodkpQdlZMOG5wOXNoTQ?oc=5\" target=\"_blank\" rel=\"nofollow noopener\">Volley. \u00c0 quelle heure et sur quelle cha\u00eene suivre le match de pr\u00e9paration France &#8211; Serbie ?<\/a>&nbsp;&nbsp;Ouest-France<\/li>\n<li><a href=\"https:\/\/news.google.com\/rss\/articles\/CBMi_wFBVV95cUxQSEg5QWJiSW1VR0ZHQXR3Ums3UnpTZ1NCTk16V0tTNDlaSmIyZzVOZVczWUNiN0ZXdWRHVFV2WjRCOXAyelVWN1FweFhKZzdQajN1Z3E5bE1YY1UtaWRsNDY5elZpX281TVJvMVR6TlR0alBVSC1peHQ2cmtTQ2F1alRoOGhlNERVX1pGV3pPWlBPdGdGbVlHVGVqeGxCLUVEVzFfM2FfS1p0OHMyVXMxVktMR0FJWm9NR0dRM21VQ09qNVc4SXd0Qm1oNFVRdFpuZHExVHY0Vmt1bnoxdmRiSHY0OFNscUNJelpubUNPNjdDcFFBYkJPNm14aktSSDg?oc=5\" target=\"_blank\" rel=\"nofollow noopener\">Volley-Ball. France &#8211; Serbie : les Bleus font le show \u00e0 Cannes, \u00e0 trois semaines des Mondiaux<\/a>&nbsp;&nbsp;Ouest-France<\/li>\n<\/ol>\n","protected":false},"excerpt":{"rendered":"\u00c0 quelle heure et sur quelle cha\u00eene regarder le match France-Serbie ?&nbsp;&nbsp;L&rsquo;\u00c9quipe Ngapeth, un retour au meilleur moment&hellip;\n","protected":false},"author":2,"featured_media":332466,"comment_status":"","ping_status":"","sticky":false,"template":"","format":"standard","meta":{"footnotes":""},"categories":[1417],"tags":[1011,27,60,1470,1469],"class_list":{"0":"post-332465","1":"post","2":"type-post","3":"status-publish","4":"format-standard","5":"has-post-thumbnail","7":"category-volley","8":"tag-fr","9":"tag-france","10":"tag-sports","11":"tag-volley","12":"tag-volleyball"},"share_on_mastodon":{"url":"https:\/\/pubeurope.com\/@fr\/115063231887726354","error":""},"_links":{"self":[{"href":"https:\/\/www.europesays.com\/fr\/wp-json\/wp\/v2\/posts\/332465","targetHints":{"allow":["GET"]}}],"collection":[{"href":"https:\/\/www.europesays.com\/fr\/wp-json\/wp\/v2\/posts"}],"about":[{"href":"https:\/\/www.europesays.com\/fr\/wp-json\/wp\/v2\/types\/post"}],"author":[{"embeddable":true,"href":"https:\/\/www.europesays.com\/fr\/wp-json\/wp\/v2\/users\/2"}],"replies":[{"embeddable":true,"href":"https:\/\/www.europesays.com\/fr\/wp-json\/wp\/v2\/comments?post=332465"}],"version-history":[{"count":0,"href":"https:\/\/www.europesays.com\/fr\/wp-json\/wp\/v2\/posts\/332465\/revisions"}],"wp:featuredmedia":[{"embeddable":true,"href":"https:\/\/www.europesays.com\/fr\/wp-json\/wp\/v2\/media\/332466"}],"wp:attachment":[{"href":"https:\/\/www.europesays.com\/fr\/wp-json\/wp\/v2\/media?parent=332465"}],"wp:term":[{"taxonomy":"category","embeddable":true,"href":"https:\/\/www.europesays.com\/fr\/wp-json\/wp\/v2\/categories?post=332465"},{"taxonomy":"post_tag","embeddable":true,"href":"https:\/\/www.europesays.com\/fr\/wp-json\/wp\/v2\/tags?post=332465"}],"curies":[{"name":"wp","href":"https:\/\/api.w.org\/{rel}","templated":true}]}}