{"id":332473,"date":"2025-08-20T21:36:14","date_gmt":"2025-08-20T21:36:14","guid":{"rendered":"https:\/\/www.europesays.com\/fr\/332473\/"},"modified":"2025-08-20T21:36:14","modified_gmt":"2025-08-20T21:36:14","slug":"le-jamaicain-leon-bailey-rejoint-las-roma-en-pret","status":"publish","type":"post","link":"https:\/\/www.europesays.com\/fr\/332473\/","title":{"rendered":"le Jama\u00efcain Leon Bailey rejoint l\u2019AS Roma en pr\u00eat"},"content":{"rendered":"<p>Leon Bailey a \u00e9t\u00e9 pr\u00eat\u00e9 par Aston Villa \u00e0 l\u2019AS Roma pour deux millions d\u2019euros. Une option d\u2019achat non obligatoire a \u00e9galement \u00e9t\u00e9 gliss\u00e9e dans le contrat.<\/p>\n<p class=\"fig-paragraph\">Un nouveau renfort du c\u00f4t\u00e9 de l\u2019<a href=\"http:\/\/www.lefigaro.fr\/sports\/football\/transferts\/il-m-a-envoye-un-message-en-janvier-pour-me-faire-venir-a-marseille-nouveau-joueur-de-la-roma-evan-ferguson-etait-courtise-par-l-om-20250806\" data-fig-type=\"NewsFlash\" data-gtm-custom-categorie=\"navigation\" data-gtm-custom-action=\"crossclick\" data-gtm-custom-label=\"Contextuel\" data-gtm-event=\"customEventSPE\" data-fig-domain=\"LEFIGARO\" target=\"_blank\" rel=\"noopener\">AS Roma<\/a>. Le club de la capitale italienne a conclu l\u2019arriv\u00e9e Leon Bailey sous la forme d\u2019un pr\u00eat payant de deux millions d\u2019euros et d\u2019une saison. Une option d\u2019achat non obligatoire a \u00e9t\u00e9 incluse \u00e0 hauteur de 22 millions d\u2019euros. L\u2019international jama\u00efcain (39 s\u00e9lections, 7 buts) portera le num\u00e9ro 31.<\/p>\n<p class=\"fig-paragraph\">Le milieu offensif de 28 ans arrive en provenance d\u2019<a href=\"http:\/\/www.lefigaro.fr\/sports\/football\/foot-en-grande-forme-l-om-l-emporte-face-a-aston-villa-avec-un-double-d-aubameyang-20250809\" data-fig-type=\"NewsFlash\" data-gtm-custom-categorie=\"navigation\" data-gtm-custom-action=\"crossclick\" data-gtm-custom-label=\"Contextuel\" data-gtm-event=\"customEventSPE\" data-fig-domain=\"LEFIGARO\" target=\"_blank\" rel=\"noopener\">Aston Villa<\/a>, o\u00f9 son temps de jeu a baiss\u00e9 la saison derni\u00e8re. Bailey a commenc\u00e9 sa carri\u00e8re professionnelle \u00e0 Genk en Belgique en 2015. Il est le premier jama\u00efcain de l\u2019histoire \u00e0 rejoindre l\u2019AS Roma.<\/p>\n","protected":false},"excerpt":{"rendered":"Leon Bailey a \u00e9t\u00e9 pr\u00eat\u00e9 par Aston Villa \u00e0 l\u2019AS Roma pour deux millions d\u2019euros. Une option d\u2019achat&hellip;\n","protected":false},"author":2,"featured_media":332474,"comment_status":"","ping_status":"","sticky":false,"template":"","format":"standard","meta":{"footnotes":""},"categories":[1412],"tags":[46966,784,1451,1452,1453,1454,1455,1011,27,60],"class_list":{"0":"post-332473","1":"post","2":"type-post","3":"status-publish","4":"format-standard","5":"has-post-thumbnail","7":"category-f1","8":"tag-as-roma","9":"tag-aston-villa","10":"tag-f1","11":"tag-formula-1","12":"tag-formula1","13":"tag-formule-1","14":"tag-formule1","15":"tag-fr","16":"tag-france","17":"tag-sports"},"share_on_mastodon":{"url":"https:\/\/pubeurope.com\/@fr\/115063251578453407","error":""},"_links":{"self":[{"href":"https:\/\/www.europesays.com\/fr\/wp-json\/wp\/v2\/posts\/332473","targetHints":{"allow":["GET"]}}],"collection":[{"href":"https:\/\/www.europesays.com\/fr\/wp-json\/wp\/v2\/posts"}],"about":[{"href":"https:\/\/www.europesays.com\/fr\/wp-json\/wp\/v2\/types\/post"}],"author":[{"embeddable":true,"href":"https:\/\/www.europesays.com\/fr\/wp-json\/wp\/v2\/users\/2"}],"replies":[{"embeddable":true,"href":"https:\/\/www.europesays.com\/fr\/wp-json\/wp\/v2\/comments?post=332473"}],"version-history":[{"count":0,"href":"https:\/\/www.europesays.com\/fr\/wp-json\/wp\/v2\/posts\/332473\/revisions"}],"wp:featuredmedia":[{"embeddable":true,"href":"https:\/\/www.europesays.com\/fr\/wp-json\/wp\/v2\/media\/332474"}],"wp:attachment":[{"href":"https:\/\/www.europesays.com\/fr\/wp-json\/wp\/v2\/media?parent=332473"}],"wp:term":[{"taxonomy":"category","embeddable":true,"href":"https:\/\/www.europesays.com\/fr\/wp-json\/wp\/v2\/categories?post=332473"},{"taxonomy":"post_tag","embeddable":true,"href":"https:\/\/www.europesays.com\/fr\/wp-json\/wp\/v2\/tags?post=332473"}],"curies":[{"name":"wp","href":"https:\/\/api.w.org\/{rel}","templated":true}]}}