{"id":332477,"date":"2025-08-20T21:38:15","date_gmt":"2025-08-20T21:38:15","guid":{"rendered":"https:\/\/www.europesays.com\/fr\/332477\/"},"modified":"2025-08-20T21:38:15","modified_gmt":"2025-08-20T21:38:15","slug":"un-ailier-cible-par-lol-va-finalement-rejoindre-la-mls","status":"publish","type":"post","link":"https:\/\/www.europesays.com\/fr\/332477\/","title":{"rendered":"un ailier cibl\u00e9 par l\u2019OL va finalement rejoindre la MLS"},"content":{"rendered":"<p><strong>L\u2019OL a \u00e9t\u00e9 doubl\u00e9 par un club de MLS dans la course \u00e0 la signature d\u2019un ailier b\u00e9ninois de 18 ans.<\/strong><\/p>\n<p>Rodolfo Aloko, jeune ailier b\u00e9ninois de 18 ans \u00e9voluant au NK Kustosija Zagreb (3e division croate), semblait \u00eatre l\u2019une des cibles de clubs europ\u00e9ens comme Brighton et m\u00eame l\u2019Olympique Lyonnais, qui suivaient de pr\u00e8s son \u00e9volution. <\/p>\n<p>Un transfert \u00e0 6 millions de dollars<\/p>\n<p>Le joueur, a priori prometteur, avait suscit\u00e9 l\u2019int\u00e9r\u00eat de plusieurs \u00e9quipes \u00e0 travers l\u2019Europe. Cependant, c\u2019est finalement le club am\u00e9ricain de Charlotte FC qui a r\u00e9ussi \u00e0 finaliser un accord pour s\u2019attacher ses services, avec un transfert pouvant d\u00e9passer les 6 millions de dollars, comme l\u2019a r\u00e9v\u00e9l\u00e9 Fabrizio Romano ce mercredi.<\/p>\n","protected":false},"excerpt":{"rendered":"L\u2019OL a \u00e9t\u00e9 doubl\u00e9 par un club de MLS dans la course \u00e0 la signature d\u2019un ailier b\u00e9ninois&hellip;\n","protected":false},"author":2,"featured_media":332478,"comment_status":"","ping_status":"","sticky":false,"template":"","format":"standard","meta":{"footnotes":""},"categories":[1410],"tags":[11,448,63,1011,27,66,3388,12,60,10662],"class_list":{"0":"post-332477","1":"post","2":"type-post","3":"status-publish","4":"format-standard","5":"has-post-thumbnail","7":"category-football","8":"tag-actualites","9":"tag-champions-league","10":"tag-football","11":"tag-fr","12":"tag-france","13":"tag-ligue-1","14":"tag-matchs","15":"tag-news","16":"tag-sports","17":"tag-transferts"},"share_on_mastodon":{"url":"https:\/\/pubeurope.com\/@fr\/115063259462025509","error":""},"_links":{"self":[{"href":"https:\/\/www.europesays.com\/fr\/wp-json\/wp\/v2\/posts\/332477","targetHints":{"allow":["GET"]}}],"collection":[{"href":"https:\/\/www.europesays.com\/fr\/wp-json\/wp\/v2\/posts"}],"about":[{"href":"https:\/\/www.europesays.com\/fr\/wp-json\/wp\/v2\/types\/post"}],"author":[{"embeddable":true,"href":"https:\/\/www.europesays.com\/fr\/wp-json\/wp\/v2\/users\/2"}],"replies":[{"embeddable":true,"href":"https:\/\/www.europesays.com\/fr\/wp-json\/wp\/v2\/comments?post=332477"}],"version-history":[{"count":0,"href":"https:\/\/www.europesays.com\/fr\/wp-json\/wp\/v2\/posts\/332477\/revisions"}],"wp:featuredmedia":[{"embeddable":true,"href":"https:\/\/www.europesays.com\/fr\/wp-json\/wp\/v2\/media\/332478"}],"wp:attachment":[{"href":"https:\/\/www.europesays.com\/fr\/wp-json\/wp\/v2\/media?parent=332477"}],"wp:term":[{"taxonomy":"category","embeddable":true,"href":"https:\/\/www.europesays.com\/fr\/wp-json\/wp\/v2\/categories?post=332477"},{"taxonomy":"post_tag","embeddable":true,"href":"https:\/\/www.europesays.com\/fr\/wp-json\/wp\/v2\/tags?post=332477"}],"curies":[{"name":"wp","href":"https:\/\/api.w.org\/{rel}","templated":true}]}}