{"id":332479,"date":"2025-08-20T21:39:09","date_gmt":"2025-08-20T21:39:09","guid":{"rendered":"https:\/\/www.europesays.com\/fr\/332479\/"},"modified":"2025-08-20T21:39:09","modified_gmt":"2025-08-20T21:39:09","slug":"le-restaurant-de-jamel-debbouze-vise-par-un-appel-au-boycott","status":"publish","type":"post","link":"https:\/\/www.europesays.com\/fr\/332479\/","title":{"rendered":"Le restaurant de Jamel Debbouze vis\u00e9 par un appel au boycott"},"content":{"rendered":"<p>Dans sa lettre dat\u00e9e du 8 ao\u00fbt 2025, BDS France dit avoir \u00e9t\u00e9 \u00ab\u00a0choqu\u00e9e\u00a0\u00bb par la vente de vins isra\u00e9liens \u00e0 la carte du restaurant. \u00ab\u00a0Ce choix est incompr\u00e9hensible, d\u2019une part parce que ces vins sont m\u00e9diocres, et d\u2019ailleurs servis quasiment nulle part ailleurs \u00e0 Paris, ensuite parce qu\u2019Isra\u00ebl ne fait pas partie du \u201cmonde arabe\u201d, et enfin parce que nous ne pouvons qu\u2019imaginer que votre d\u00e9cision est motiv\u00e9e par des raisons politiques qui ne vous font pas honneur. L\u2019absence de la carte des vins sur votre site web est peut-\u00eatre le signe d\u2019un malaise sur cette question\u00a0?\u00a0\u00bb.<\/p>\n<p><strong>\u00c0 lire\u00a0: <a href=\"https:\/\/www.bladi.net\/maroc-bds-intensifie-action-carrefour,105908.html\" class=\"spip_in\" rel=\"nofollow noopener\" target=\"_blank\">Au Maroc, BDS intensifie son action contre Carrefour<\/a><\/strong><\/p>\n<p>\u00ab\u00a0La moindre des mesures qui contribuerait \u00e0 soutenir la lutte du peuple palestinien, face aux injustices qu\u2019il subit, serait de boycotter les produits isra\u00e9liens, comme le demande la soci\u00e9t\u00e9 civile palestinienne depuis 2005, dans le cadre de la campagne Boycott, D\u00e9sinvestissement et Sanctions, dont nous sommes le relais en France. Vous n\u2019\u00eates pas sans savoir que, parmi ces vins, certains proviennent du Golan, qui est un territoire syrien ill\u00e9galement annex\u00e9 par Isra\u00ebl, et qu\u2019il est interdit d\u2019exploiter les ressources des terres occup\u00e9es. Ces vins sont donc tout simplement ill\u00e9gaux, et si la loi \u00e9tait respect\u00e9e, vous pourriez \u00eatre accus\u00e9s de recel de vol et de complicit\u00e9 de crime de colonisation\u00a0\u00bb, d\u00e9veloppe BDS.<\/p>\n<p><strong>\u00c0 lire\u00a0: <a href=\"https:\/\/www.bladi.net\/appel-boycott-isla-delice-reghalal-wassila-juges-pro-israeliens,105772.html\" class=\"spip_in\" rel=\"nofollow noopener\" target=\"_blank\">Appel au boycott d\u2019Isla D\u00e9lice, Reghalal et Wassila, jug\u00e9s pro-Isra\u00e9liens<\/a><\/strong><\/p>\n<p>Pour l\u2019association, la vente de ces vins par Dar Mima dans ce contexte de \u00ab\u00a0g\u00e9nocide en cours \u00e0 Gaza\u00a0\u00bb, \u00ab\u00a0contribue \u00e0 l\u2019\u00e9conomie de guerre, et est une insulte \u00e0 l\u2019humanit\u00e9 toute enti\u00e8re\u00a0\u00bb. Pour ces raisons, BDS demande au restaurant \u00ab\u00a0de retirer ces vins de votre carte au plus vite\u00a0\u00bb.<\/p>\n","protected":false},"excerpt":{"rendered":"Dans sa lettre dat\u00e9e du 8 ao\u00fbt 2025, BDS France dit avoir \u00e9t\u00e9 \u00ab\u00a0choqu\u00e9e\u00a0\u00bb par la vente de&hellip;\n","protected":false},"author":2,"featured_media":332480,"comment_status":"","ping_status":"","sticky":false,"template":"","format":"standard","meta":{"footnotes":""},"categories":[1359],"tags":[58,59,1011,27,973],"class_list":{"0":"post-332479","1":"post","2":"type-post","3":"status-publish","4":"format-standard","5":"has-post-thumbnail","7":"category-people","8":"tag-divertissement","9":"tag-entertainment","10":"tag-fr","11":"tag-france","12":"tag-people"},"share_on_mastodon":{"url":"https:\/\/pubeurope.com\/@fr\/115063263372219596","error":""},"_links":{"self":[{"href":"https:\/\/www.europesays.com\/fr\/wp-json\/wp\/v2\/posts\/332479","targetHints":{"allow":["GET"]}}],"collection":[{"href":"https:\/\/www.europesays.com\/fr\/wp-json\/wp\/v2\/posts"}],"about":[{"href":"https:\/\/www.europesays.com\/fr\/wp-json\/wp\/v2\/types\/post"}],"author":[{"embeddable":true,"href":"https:\/\/www.europesays.com\/fr\/wp-json\/wp\/v2\/users\/2"}],"replies":[{"embeddable":true,"href":"https:\/\/www.europesays.com\/fr\/wp-json\/wp\/v2\/comments?post=332479"}],"version-history":[{"count":0,"href":"https:\/\/www.europesays.com\/fr\/wp-json\/wp\/v2\/posts\/332479\/revisions"}],"wp:featuredmedia":[{"embeddable":true,"href":"https:\/\/www.europesays.com\/fr\/wp-json\/wp\/v2\/media\/332480"}],"wp:attachment":[{"href":"https:\/\/www.europesays.com\/fr\/wp-json\/wp\/v2\/media?parent=332479"}],"wp:term":[{"taxonomy":"category","embeddable":true,"href":"https:\/\/www.europesays.com\/fr\/wp-json\/wp\/v2\/categories?post=332479"},{"taxonomy":"post_tag","embeddable":true,"href":"https:\/\/www.europesays.com\/fr\/wp-json\/wp\/v2\/tags?post=332479"}],"curies":[{"name":"wp","href":"https:\/\/api.w.org\/{rel}","templated":true}]}}