{"id":332481,"date":"2025-08-20T21:40:17","date_gmt":"2025-08-20T21:40:17","guid":{"rendered":"https:\/\/www.europesays.com\/fr\/332481\/"},"modified":"2025-08-20T21:40:17","modified_gmt":"2025-08-20T21:40:17","slug":"a-arles-lindocilite-experimentale-de-sigmar-polke-sinvite-chez-van-gogh","status":"publish","type":"post","link":"https:\/\/www.europesays.com\/fr\/332481\/","title":{"rendered":"\u00c0 Arles, l&rsquo;indocilit\u00e9 exp\u00e9rimentale de Sigmar Polke s&rsquo;invite chez Van Gogh"},"content":{"rendered":"<p class=\"editor-content__paragraph\">\u00ab\u00a0J\u2019\u00e9tais devant la toile et je voulais peindre un bouquet de fleurs. C\u2019est alors que je re\u00e7us des esprits sup\u00e9rieurs l\u2019ordre suivant\u00a0: pas de bouquet\u00a0! Peins des flamants roses\u00a0! J\u2019ai d\u2019abord voulu continuer \u00e0 peindre, mais j\u2019ai vite compris qu\u2019ils ne plaisantaient pas.\u00a0\u00bb Fac\u00e9tieux, <strong>Sigmar Polke<\/strong> (1941\u20132010) est encore \u00e9tudiant \u00e0 l\u2019Acad\u00e9mie des beaux-arts de D\u00fcsseldorf lorsqu\u2019il \u00e9crit cette anecdote sur le volet d\u2019un retable, Vitrinenst\u00fcck (1966). Il n\u2019a que 25\u00a0ans, mais a d\u00e9j\u00e0 <strong>trouv\u00e9 son ton<\/strong>, sa patte\u00a0: son art sera <strong>gai, irr\u00e9v\u00e9rencieux<\/strong>, il se moquera du s\u00e9rieux des mus\u00e9es, des artistes et de leurs tics, mais s\u2019av\u00e9rera aussi <strong>profond, critique<\/strong>.<\/p>\n<p class=\"editor-content__paragraph editor-content__paragraph--is-hidden\">Cet \u00e9t\u00e9, il s\u2019invite <strong>chez Van Gogh, \u00e0 Arles<\/strong>. \u00ab\u00a0La comparaison ne va pas de soi\u00a0\u00bb, reconna\u00eet la directrice de la fondation, Bice Curiger (qui signe avec Polke sa derni\u00e8re expo avant de passer la main \u00e0 Jean de Loisy), mais c\u2019est la collectionneuse Maja Hoffmann, fondatrice de la voisine fondation Luma, qui lui a souffl\u00e9 l\u2019id\u00e9e. \u00ab\u00a0J\u2019ai d\u2019abord \u00e9t\u00e9 \u00e9tonn\u00e9e, presque incr\u00e9dule\u00a0\u00bb, explique Curiger dans le catalogue, avant d\u2019\u00eatre <strong>\u00ab\u00a0inspir\u00e9e\u00a0\u00bb par le dialogue entre les deux artistes<\/strong>, \u00ab\u00a0des r\u00e9alistes qui ont cherch\u00e9 comment <strong>exprimer leur perception du monde<\/strong> avec davantage d\u2019actualit\u00e9 et d\u2019intensit\u00e9.\u00a0\u00bb<\/p>\n<p>            <strong>Continuez votre lecture<\/strong><\/p>\n<p>\n                et acc\u00e9dez \u00e0 Beaux Arts Magazine<br \/>et \u00e0 tous les contenus web<br \/><strong>en illimit\u00e9 \u00e0 partir de 5,75\u20ac \/ mois<\/strong>\n            <\/p>\n<p class=\"cta-abonnement__log-in\">\n        D\u00e9j\u00e0 abonn\u00e9 ?        <a data-id=\"aHR0cHM6Ly93d3cuYmVhdXhhcnRzLmNvbS9tb24tY29tcHRlLw==\">Connectez-vous<\/a>\n    <\/p>\n<p>            <img data-vllblanksrc=\"https:\/\/www.beauxarts.com\/expos\/a-arles-lindocilite-experimentale-de-lallemand-sigmar-polke-chez-van-gogh\/1\" data-vllsrc=\"https:\/\/www.europesays.com\/fr\/wp-content\/uploads\/2025\/06\/couv-bam-493-494-232x300.png\" alt=\"\"\/><img data-vllblanksrc=\"https:\/\/www.beauxarts.com\/expos\/a-arles-lindocilite-experimentale-de-lallemand-sigmar-polke-chez-van-gogh\/1\" data-vllsrc=\"https:\/\/www.europesays.com\/fr\/wp-content\/uploads\/2025\/05\/couv-bam-492-232x300.png\" alt=\"\"\/>        <\/p>\n","protected":false},"excerpt":{"rendered":"\u00ab\u00a0J\u2019\u00e9tais devant la toile et je voulais peindre un bouquet de fleurs. C\u2019est alors que je re\u00e7us des&hellip;\n","protected":false},"author":2,"featured_media":332482,"comment_status":"","ping_status":"","sticky":false,"template":"","format":"standard","meta":{"footnotes":""},"categories":[1358],"tags":[1396,1348,1384,1385,1386,58,59,41704,1011,27,1585,46967],"class_list":{"0":"post-332481","1":"post","2":"type-post","3":"status-publish","4":"format-standard","5":"has-post-thumbnail","7":"category-arts-et-design","8":"tag-art-contemporain","9":"tag-arts","10":"tag-arts-and-design","11":"tag-arts-et-design","12":"tag-design","13":"tag-divertissement","14":"tag-entertainment","15":"tag-espace-van-gogh-arles","16":"tag-fr","17":"tag-france","18":"tag-peinture","19":"tag-sigmar-polke"},"share_on_mastodon":{"url":"https:\/\/pubeurope.com\/@fr\/115063267335768949","error":""},"_links":{"self":[{"href":"https:\/\/www.europesays.com\/fr\/wp-json\/wp\/v2\/posts\/332481","targetHints":{"allow":["GET"]}}],"collection":[{"href":"https:\/\/www.europesays.com\/fr\/wp-json\/wp\/v2\/posts"}],"about":[{"href":"https:\/\/www.europesays.com\/fr\/wp-json\/wp\/v2\/types\/post"}],"author":[{"embeddable":true,"href":"https:\/\/www.europesays.com\/fr\/wp-json\/wp\/v2\/users\/2"}],"replies":[{"embeddable":true,"href":"https:\/\/www.europesays.com\/fr\/wp-json\/wp\/v2\/comments?post=332481"}],"version-history":[{"count":0,"href":"https:\/\/www.europesays.com\/fr\/wp-json\/wp\/v2\/posts\/332481\/revisions"}],"wp:featuredmedia":[{"embeddable":true,"href":"https:\/\/www.europesays.com\/fr\/wp-json\/wp\/v2\/media\/332482"}],"wp:attachment":[{"href":"https:\/\/www.europesays.com\/fr\/wp-json\/wp\/v2\/media?parent=332481"}],"wp:term":[{"taxonomy":"category","embeddable":true,"href":"https:\/\/www.europesays.com\/fr\/wp-json\/wp\/v2\/categories?post=332481"},{"taxonomy":"post_tag","embeddable":true,"href":"https:\/\/www.europesays.com\/fr\/wp-json\/wp\/v2\/tags?post=332481"}],"curies":[{"name":"wp","href":"https:\/\/api.w.org\/{rel}","templated":true}]}}