{"id":332485,"date":"2025-08-20T21:42:12","date_gmt":"2025-08-20T21:42:12","guid":{"rendered":"https:\/\/www.europesays.com\/fr\/332485\/"},"modified":"2025-08-20T21:42:12","modified_gmt":"2025-08-20T21:42:12","slug":"la-nouvelle-vie-a-deux-de-pascal-dit-bobosse-et-de-celine-en-gatine","status":"publish","type":"post","link":"https:\/\/www.europesays.com\/fr\/332485\/","title":{"rendered":"la nouvelle vie \u00e0 deux de Pascal, dit \u00ab\u00a0Bobosse,\u00a0\u00bb et de C\u00e9line en G\u00e2tine"},"content":{"rendered":"<p>\u00ab\u00a0Quand j\u2019ai rencontr\u00e9 Pascal, que je l\u2019ai fr\u00e9quent\u00e9, on le reconnaissait dans la rue, au supermarch\u00e9. Maintenant, depuis que l\u2019\u00e9mission est sortie, on nous reconna\u00eet tous les deux. Avant-hier, j\u2019\u00e9tais inconnue. Aujourd\u2019hui, j\u2019ai du mal \u00e0 comprendre pourquoi les gens m\u2019arr\u00eatent. C\u2019est comme si on \u00e9tait des stars, mais on est des personnes ordinaires&#8230;. <\/p>\n<p>    Cet article a \u00e9t\u00e9 tronqu\u00e9. Abonnez-vous pour lire l&rsquo;article complet sur notre site.<\/p>\n<p>\u00a0\u00bb<\/p>\n<p style=\"margin: 0 !important; padding: 0 !important; font-size: 12px !important;\">Cet article a \u00e9t\u00e9 tronqu\u00e9. Abonnez-vous pour lire l&rsquo;article complet.<\/p>\n<p>    <a href=\"https:\/\/www.lanouvellerepublique.fr\/abonnements\" style=\"display: inline-block; margin-top: 5px !important; padding: 6px 12px !important; background: #cb1c27; color: white; text-decoration: none; border-radius: 4px; font-size: 12px !important;\" rel=\"nofollow noopener\" target=\"_blank\"><br \/>\n      S&rsquo;abonner<br \/>\n    <\/a><\/p>\n","protected":false},"excerpt":{"rendered":"\u00ab\u00a0Quand j\u2019ai rencontr\u00e9 Pascal, que je l\u2019ai fr\u00e9quent\u00e9, on le reconnaissait dans la rue, au supermarch\u00e9. Maintenant, depuis&hellip;\n","protected":false},"author":2,"featured_media":332486,"comment_status":"","ping_status":"","sticky":false,"template":"","format":"standard","meta":{"footnotes":""},"categories":[1356],"tags":[1392,327,2545,58,19398,59,1011,27,500,6755,46968,252,1364],"class_list":{"0":"post-332485","1":"post","2":"type-post","3":"status-publish","4":"format-standard","5":"has-post-thumbnail","7":"category-television","8":"tag-a-la-une-local","9":"tag-agriculture","10":"tag-deux-sevres","11":"tag-divertissement","12":"tag-elevage","13":"tag-entertainment","14":"tag-fr","15":"tag-france","16":"tag-medias","17":"tag-parthenay","18":"tag-parthenay-gatine","19":"tag-television","20":"tag-tv"},"share_on_mastodon":{"url":"https:\/\/pubeurope.com\/@fr\/115063275182486006","error":""},"_links":{"self":[{"href":"https:\/\/www.europesays.com\/fr\/wp-json\/wp\/v2\/posts\/332485","targetHints":{"allow":["GET"]}}],"collection":[{"href":"https:\/\/www.europesays.com\/fr\/wp-json\/wp\/v2\/posts"}],"about":[{"href":"https:\/\/www.europesays.com\/fr\/wp-json\/wp\/v2\/types\/post"}],"author":[{"embeddable":true,"href":"https:\/\/www.europesays.com\/fr\/wp-json\/wp\/v2\/users\/2"}],"replies":[{"embeddable":true,"href":"https:\/\/www.europesays.com\/fr\/wp-json\/wp\/v2\/comments?post=332485"}],"version-history":[{"count":0,"href":"https:\/\/www.europesays.com\/fr\/wp-json\/wp\/v2\/posts\/332485\/revisions"}],"wp:featuredmedia":[{"embeddable":true,"href":"https:\/\/www.europesays.com\/fr\/wp-json\/wp\/v2\/media\/332486"}],"wp:attachment":[{"href":"https:\/\/www.europesays.com\/fr\/wp-json\/wp\/v2\/media?parent=332485"}],"wp:term":[{"taxonomy":"category","embeddable":true,"href":"https:\/\/www.europesays.com\/fr\/wp-json\/wp\/v2\/categories?post=332485"},{"taxonomy":"post_tag","embeddable":true,"href":"https:\/\/www.europesays.com\/fr\/wp-json\/wp\/v2\/tags?post=332485"}],"curies":[{"name":"wp","href":"https:\/\/api.w.org\/{rel}","templated":true}]}}