{"id":332495,"date":"2025-08-20T21:47:13","date_gmt":"2025-08-20T21:47:13","guid":{"rendered":"https:\/\/www.europesays.com\/fr\/332495\/"},"modified":"2025-08-20T21:47:13","modified_gmt":"2025-08-20T21:47:13","slug":"lengagement-disabelle-adjani-contre-le-fondamentalisme-religieux","status":"publish","type":"post","link":"https:\/\/www.europesays.com\/fr\/332495\/","title":{"rendered":"l\u2019engagement d\u2019Isabelle Adjani contre le fondamentalisme religieux"},"content":{"rendered":"\n<p class=\"article__paragraph article__paragraph--lf \">Le 14\u00a0f\u00e9vrier\u00a01989, l\u2019ayatollah Khomeyni lance une fatwa contre l\u2019\u00e9crivain britannique Salman Rushdie apr\u00e8s la publication, cinq mois plus t\u00f4t, des Versets sataniques. Le Guide de la r\u00e9volution iranienne juge le roman blasph\u00e9matoire. Son auteur doit \u00eatre tu\u00e9. C\u2019est un coup de tonnerre dans le monde, pas vraiment une surprise pour Isabelle Adjani. Depuis plusieurs semaines, l\u2019actrice \u00e9change avec le philosophe Andr\u00e9 Glucksmann (1937-2015) sur le sujet. Et sur d\u2019autres depuis trois ans.<\/p>\n<p class=\"article__paragraph article__paragraph--lf \">Glucksmann et Adjani envisagent m\u00eame d\u2019\u00e9crire un livre \u00e0 quatre mains, sous la forme d\u2019un dialogue, dans lequel ils reviendront, entre autres, sur la \u00ab\u00a0rumeur\u00a0\u00bb qui a tant empest\u00e9 la vie de la com\u00e9dienne trois ans auparavant (on a dit qu\u2019elle avait le sida). Le projet ne voit pas le jour, sans que cela tarisse leurs \u00e9changes. Depuis l\u2019automne 1988, ils suivent le sort r\u00e9serv\u00e9 \u00e0 Rushdie apr\u00e8s la publication de son roman\u00a0: le fait que l\u2019\u00e9crivain soit contraint d\u2019\u00eatre accompagn\u00e9 d\u2019un garde du corps puis de se cacher, les autodaf\u00e9s d\u2019exemplaires des Versets sataniques dans les villes britanniques de Bolton puis de Bradford, les manifestations contre le livre \u00e0 Islamabad, la capitale du Pakistan, ou \u00e0 Londres\u2026<\/p>\n<p class=\"article__paragraph article__paragraph--lf \">Par co\u00efncidence, en d\u00e9cembre\u00a01988, sort Camille Claudel, de Bruno Nuytten, le premier film depuis L\u2019Et\u00e9 meurtrier (1983) dont Isabelle Adjani est la vedette, soit une \u00e9clipse de plus de cinq ans. Cinq ans\u00a0! De quoi la remettre sous les projecteurs, quand Salman Rushdie se trouve r\u00e9duit \u00e0 la clandestinit\u00e9.<\/p>\n<p>            Une premi\u00e8re prise de position politique         <\/p>\n<p class=\"reading-mode-only \"><strong>Il vous reste 92.6% de cet article \u00e0 lire. La suite est r\u00e9serv\u00e9e aux abonn\u00e9s.<\/strong><\/p>\n","protected":false},"excerpt":{"rendered":"Le 14\u00a0f\u00e9vrier\u00a01989, l\u2019ayatollah Khomeyni lance une fatwa contre l\u2019\u00e9crivain britannique Salman Rushdie apr\u00e8s la publication, cinq mois plus&hellip;\n","protected":false},"author":2,"featured_media":332496,"comment_status":"","ping_status":"","sticky":false,"template":"","format":"standard","meta":{"footnotes":""},"categories":[8],"tags":[58,59,1011,27],"class_list":{"0":"post-332495","1":"post","2":"type-post","3":"status-publish","4":"format-standard","5":"has-post-thumbnail","7":"category-divertissement","8":"tag-divertissement","9":"tag-entertainment","10":"tag-fr","11":"tag-france"},"share_on_mastodon":{"url":"https:\/\/pubeurope.com\/@fr\/115063294894511015","error":""},"_links":{"self":[{"href":"https:\/\/www.europesays.com\/fr\/wp-json\/wp\/v2\/posts\/332495","targetHints":{"allow":["GET"]}}],"collection":[{"href":"https:\/\/www.europesays.com\/fr\/wp-json\/wp\/v2\/posts"}],"about":[{"href":"https:\/\/www.europesays.com\/fr\/wp-json\/wp\/v2\/types\/post"}],"author":[{"embeddable":true,"href":"https:\/\/www.europesays.com\/fr\/wp-json\/wp\/v2\/users\/2"}],"replies":[{"embeddable":true,"href":"https:\/\/www.europesays.com\/fr\/wp-json\/wp\/v2\/comments?post=332495"}],"version-history":[{"count":0,"href":"https:\/\/www.europesays.com\/fr\/wp-json\/wp\/v2\/posts\/332495\/revisions"}],"wp:featuredmedia":[{"embeddable":true,"href":"https:\/\/www.europesays.com\/fr\/wp-json\/wp\/v2\/media\/332496"}],"wp:attachment":[{"href":"https:\/\/www.europesays.com\/fr\/wp-json\/wp\/v2\/media?parent=332495"}],"wp:term":[{"taxonomy":"category","embeddable":true,"href":"https:\/\/www.europesays.com\/fr\/wp-json\/wp\/v2\/categories?post=332495"},{"taxonomy":"post_tag","embeddable":true,"href":"https:\/\/www.europesays.com\/fr\/wp-json\/wp\/v2\/tags?post=332495"}],"curies":[{"name":"wp","href":"https:\/\/api.w.org\/{rel}","templated":true}]}}