{"id":332499,"date":"2025-08-20T21:49:11","date_gmt":"2025-08-20T21:49:11","guid":{"rendered":"https:\/\/www.europesays.com\/fr\/332499\/"},"modified":"2025-08-20T21:49:11","modified_gmt":"2025-08-20T21:49:11","slug":"la-fiabilite-legendaire-a-petit-prix-cette-citadine-sobre-consomme-38l-100km-avec-garantie-jusquen-2040-pour-120e-mois","status":"publish","type":"post","link":"https:\/\/www.europesays.com\/fr\/332499\/","title":{"rendered":"La fiabilit\u00e9 l\u00e9gendaire \u00e0 petit prix : Cette citadine sobre consomme 3,8l\/100km avec garantie jusqu&rsquo;En 2040 pour 120\u20ac\/mois"},"content":{"rendered":"<p>Sous son capot, on retrouve un <strong>3-cylindres essence atmosph\u00e9rique 1.5L<\/strong>, associ\u00e9 \u00e0 une motorisation \u00e9lectrique dans une configuration <strong>HEV (hybride non rechargeable)<\/strong>. R\u00e9sultat : <strong>116 ch<\/strong>, <strong>consommation officielle de 3,8 l\/100 km<\/strong>, <strong>\u00e9tiquette Crit\u2019Air ECO<\/strong>\u2026 et une m\u00e9canique r\u00e9put\u00e9e quasi indestructible. Le tout servi par une <strong>bo\u00eete CVT simple mais robuste<\/strong>, pour des trajets urbains ou p\u00e9riurbains sans stress, ni panne \u00e0 l\u2019horizon.<\/p>\n<p>Mais l\u2019argument choc r\u00e9side peut-\u00eatre dans l\u2019<strong>offre commerciale<\/strong> et l\u2019<strong>engagement de durabilit\u00e9<\/strong>. Gr\u00e2ce au <strong>plan de financement multi-option<\/strong> propos\u00e9 par Toyota, il est possible de rouler avec cette Yaris pour 209 \u20ac par mois, tout en b\u00e9n\u00e9ficiant d\u2019une <strong>garantie \u00e9tendue pouvant aller jusqu\u2019\u00e0 10 ans<\/strong>, soit jusqu\u2019en 2035. Un positionnement qui en dit long sur la <strong>confiance de la marque dans sa technologie<\/strong>, et sur la pertinence de ce mod\u00e8le pour qui cherche un <strong>v\u00e9hicule fiable, \u00e9conomique et p\u00e9renne.<\/strong><\/p>\n<p><img fetchpriority=\"high\" decoding=\"async\" class=\"wp-image-12791 size-full webpexpress-processed\" src=\"data:image\/svg+xml,%3Csvg%20xmlns=\" http:=\"\" alt=\"Toyota Yaris Hybride 2025 vue de profil, design moderne et silhouette compacte\" width=\"1200\" height=\"675\" data-lazy- data-lazy- data-lazy-src=\"https:\/\/www.europesays.com\/fr\/wp-content\/uploads\/2025\/08\/toyota-yaris-01.jpg.webp.webp\"\/>La Toyota Yaris hybride 2025 affiche une silhouette compacte et bien proportionn\u00e9e, id\u00e9ale pour les trajets urbains. Son design dynamique reste fid\u00e8le \u00e0 l\u2019identit\u00e9 de la marque. \u00a9 Toyota<br \/>\nUne citadine hybride con\u00e7ue pour durer<\/p>\n<p>La Toyota Yaris continue de miser sur une formule \u00e9prouv\u00e9e : une motorisation hybride non rechargeable simple, fiable et efficace, taill\u00e9e pour les trajets urbains et p\u00e9riurbains. En 2025, elle conserve cette recette avec un 3-cylindres 1.5 L atmosph\u00e9rique combin\u00e9 \u00e0 un moteur \u00e9lectrique pour un total de <strong>116 ch<\/strong> transmis aux roues avant via une <strong>bo\u00eete automatique e-CVT<\/strong>.<\/p>\n<blockquote class=\"wp-embedded-content\" data-secret=\"6I7jLP4SPo\">\n<p><a href=\"https:\/\/www.passionandcar.fr\/2025\/08\/20\/volkswagen-t-roc-2026-le-best-seller-devoile-en-avance-avec-zero-surprise-mais-une-date-officielle-enfin-fixee\/\" target=\"_blank\" rel=\"noopener\">Volkswagen T-Roc 2026 : le best-seller d\u00e9voil\u00e9 en avance avec z\u00e9ro surprise mais une date officielle enfin fix\u00e9e<\/a><\/p>\n<\/blockquote>\n<p>Les performances sont modestes (<strong>0 \u00e0 100 km\/h en 9,7 secondes<\/strong>, <strong>vitesse maximale de 175 km\/h<\/strong>), mais le c\u0153ur de l\u2019argumentaire est ailleurs : <strong>3,8 l\/100 km<\/strong> en cycle mixte WLTP et l\u2019<strong>\u00e9tiquette ECO<\/strong> qui garantit l\u2019acc\u00e8s aux zones \u00e0 faibles \u00e9missions sans contrainte. Ce syst\u00e8me hybride, d\u00e9riv\u00e9 de l\u2019exp\u00e9rience Toyota en la mati\u00e8re, est l\u2019un des plus fiables du march\u00e9.<\/p>\n<p>Pour les conducteurs urbains, jeunes actifs ou professionnels \u00e0 la recherche d\u2019un v\u00e9hicule \u00e9conomique, la Yaris hybride coche toutes les cases essentielles : faible consommation, fiabilit\u00e9 reconnue, co\u00fbt d\u2019entretien r\u00e9duit\u2026 et une polyvalence suffisante pour un usage quotidien.<\/p>\n<p><img loading=\"lazy\" decoding=\"async\" class=\"wp-image-12789 size-full webpexpress-processed\" src=\"data:image\/svg+xml,%3Csvg%20xmlns=\" http:=\"\" alt=\"Face avant de la Toyota Yaris Hybride 2025 avec calandre large et signature LED\" width=\"1200\" height=\"800\" data-lazy- data-lazy- data-lazy-src=\"https:\/\/www.europesays.com\/fr\/wp-content\/uploads\/2025\/08\/toyota-yaris.jpg.webp.webp\"\/>L\u2019avant de la Yaris hybride se distingue par une large calandre et des projecteurs \u00e0 LED marquant la continuit\u00e9 stylistique avec le reste de la gamme. \u00a9 Toyota<br \/>\nUne dotation bien pens\u00e9e d\u00e8s l\u2019entr\u00e9e de gamme<\/p>\n<p>Propos\u00e9e avec la finition Active Plus, la Toyota Yaris 2025 b\u00e9n\u00e9ficie d\u2019un <strong>\u00e9quipement complet<\/strong> d\u00e8s les premi\u00e8res versions. On y retrouve notamment :<\/p>\n<ul>\n<li>Climatisation automatique<\/li>\n<li>Jantes alliage 16 pouces<\/li>\n<li>Cam\u00e9ra de recul et radars de stationnement<\/li>\n<li>Acc\u00e8s et d\u00e9marrage sans cl\u00e9<\/li>\n<li>Syst\u00e8me multim\u00e9dia avec \u00e9cran tactile 9 pouces<\/li>\n<li>Compatibilit\u00e9 Apple CarPlay et Android Auto<\/li>\n<li>R\u00e9gulateur de vitesse adaptatif<\/li>\n<li>Alerte de franchissement de ligne et freinage d\u2019urgence<\/li>\n<\/ul>\n<p>La pr\u00e9sentation int\u00e9rieure reste sobre mais bien agenc\u00e9e, avec une bonne ergonomie et des mat\u00e9riaux d\u2019assemblage solides. Le coffre offre une capacit\u00e9 de <strong>286 litres<\/strong>, dans la moyenne haute du segment.<\/p>\n<p><img loading=\"lazy\" decoding=\"async\" class=\"wp-image-16152 size-full webpexpress-processed\" src=\"data:image\/svg+xml,%3Csvg%20xmlns=\" http:=\"\" alt=\"Int\u00e9rieur de la Toyota Yaris Hybride 2025 avec \u00e9cran tactile et finitions soign\u00e9es\" width=\"1200\" height=\"800\" data-lazy- data-lazy- data-lazy-src=\"https:\/\/www.europesays.com\/fr\/wp-content\/uploads\/2025\/08\/toyota-yaris-cross-05.jpg.webp.webp\"\/>Le poste de conduite est ergonomique avec un \u00e9cran central de 9 pouces, une instrumentation claire et des mat\u00e9riaux valorisants pour la cat\u00e9gorie. \u00a9 Toyota<br \/>\nDes offres de financement r\u00e9alistes pour le march\u00e9 fran\u00e7ais<\/p>\n<p>Toyota commercialise en France la Yaris Hybride 2025 avec plusieurs formules de financement claires et accessibles, en ad\u00e9quation avec son positionnement de citadine \u00e9conomique et durable.<\/p>\n<p>L\u2019offre la plus mise en avant actuellement repose sur une <strong>Location avec Option d\u2019Achat (LOA)<\/strong> \u00e0 partir de <strong>209 \u20ac par mois<\/strong>, avec un apport initial et un engagement de 37 mois. Cette formule inclut l\u2019entretien courant et l\u2019assistance, ce qui en fait une solution compl\u00e8te pour rouler sans impr\u00e9vu.<\/p>\n<p>Certaines concessions peuvent \u00e9galement proposer ponctuellement des <strong>offres locales plus agressives en Location Longue Dur\u00e9e (LLD)<\/strong>, notamment autour de 169 \u20ac\/mois, mais celles-ci d\u00e9pendent des stocks, des zones g\u00e9ographiques et ne sont pas uniformis\u00e9es \u00e0 l\u2019\u00e9chelle nationale.<\/p>\n<p><img loading=\"lazy\" decoding=\"async\" class=\"wp-image-12792 size-full webpexpress-processed\" src=\"data:image\/svg+xml,%3Csvg%20xmlns=\" http:=\"\" alt=\"Vue arri\u00e8re de la Toyota Yaris Hybride 2025 avec feux LED et hayon compact\" width=\"1200\" height=\"800\" data-lazy- data-lazy- data-lazy-src=\"https:\/\/www.europesays.com\/fr\/wp-content\/uploads\/2025\/08\/toyota-yaris-03.jpg.webp.webp\"\/>L\u2019arri\u00e8re de la Yaris propose un style sobre avec des feux \u00e0 LED reli\u00e9s par un bandeau noir, soulignant sa largeur visuelle. \u00a9 Toyota<\/p>\n<p>En achat comptant, le tarif catalogue d\u00e9marre autour de <strong>21\u202f350 \u20ac<\/strong>, selon la finition et les \u00e9ventuelles promotions appliqu\u00e9es. Une somme coh\u00e9rente pour un mod\u00e8le bien \u00e9quip\u00e9, b\u00e9n\u00e9ficiant de la technologie hybride Toyota et d\u2019une garantie \u00e9tendue.<\/p>\n<tr>\nCrit\u00e8re<br \/>\nValeur<br \/>\n<\/tr>\n<tr>\n<td>Motorisation<\/td>\n<td>Hybride non rechargeable (HEV) \u2013 3 cylindres 1.5 L + moteur \u00e9lectrique<\/td>\n<\/tr>\n<tr>\n<td>Puissance<\/td>\n<td>116 ch<\/td>\n<\/tr>\n<tr>\n<td>Transmission<\/td>\n<td>Bo\u00eete automatique e-CVT<\/td>\n<\/tr>\n<tr>\n<td>Consommation mixte WLTP<\/td>\n<td>3,8 l\/100 km<\/td>\n<\/tr>\n<tr>\n<td>\u00c9tiquette Crit\u2019Air<\/td>\n<td>ECO<\/td>\n<\/tr>\n<tr>\n<td>0 \u00e0 100 km\/h<\/td>\n<td>9,7 secondes<\/td>\n<\/tr>\n<tr>\n<td>Vitesse maximale<\/td>\n<td>175 km\/h<\/td>\n<\/tr>\n<tr>\n<td>Coffre<\/td>\n<td>286 litres<\/td>\n<\/tr>\n<tr>\n<td>Garantie<\/td>\n<td>Jusqu\u2019\u00e0 15 ans ou 250 000 km (sous conditions)<\/td>\n<\/tr>\n<tr>\n<td>Prix d\u2019achat comptant<\/td>\n<td>\u00c0 partir d\u2019environ 21 350 \u20ac<\/td>\n<\/tr>\n<tr>\n<td>Offre LOA France (constructeur)<\/td>\n<td>\u00c0 partir de 209 \u20ac\/mois sur 37 mois<\/td>\n<\/tr>\n<tr>\n<td>Apport initial LOA<\/td>\n<td>4 390 \u20ac<\/td>\n<\/tr>\n<tr>\n<td>Option d\u2019achat finale<\/td>\n<td>Environ 14 600 \u20ac<\/td>\n<\/tr>\n<tr>\n<td>Montant total d\u00fb en cas d\u2019achat<\/td>\n<td>\u2248 26 535 \u20ac<\/td>\n<\/tr>\n<p>Cette offre positionne la Yaris comme l\u2019une des <strong data-start=\"5102\" data-end=\"5155\">citadines hybrides les plus accessibles du march\u00e9<\/strong>, surtout quand on consid\u00e8re la <strong data-start=\"5187\" data-end=\"5207\">fiabilit\u00e9 Toyota<\/strong>, l\u2019<strong data-start=\"5211\" data-end=\"5232\">\u00e9quipement inclus<\/strong> et la <strong data-start=\"5239\" data-end=\"5264\">garantie longue dur\u00e9e<\/strong>. Une solution rationnelle, \u00e9conomique et rassurante \u00e0 une \u00e9poque o\u00f9 les co\u00fbts automobiles explosent.<\/p>\n","protected":false},"excerpt":{"rendered":"Sous son capot, on retrouve un 3-cylindres essence atmosph\u00e9rique 1.5L, associ\u00e9 \u00e0 une motorisation \u00e9lectrique dans une configuration&hellip;\n","protected":false},"author":2,"featured_media":332500,"comment_status":"","ping_status":"","sticky":false,"template":"","format":"standard","meta":{"footnotes":""},"categories":[6],"tags":[35,33,34,1011,27,20239],"class_list":{"0":"post-332499","1":"post","2":"type-post","3":"status-publish","4":"format-standard","5":"has-post-thumbnail","7":"category-economie","8":"tag-business","9":"tag-economie","10":"tag-economy","11":"tag-fr","12":"tag-france","13":"tag-toyota"},"share_on_mastodon":{"url":"https:\/\/pubeurope.com\/@fr\/115063302691075741","error":""},"_links":{"self":[{"href":"https:\/\/www.europesays.com\/fr\/wp-json\/wp\/v2\/posts\/332499","targetHints":{"allow":["GET"]}}],"collection":[{"href":"https:\/\/www.europesays.com\/fr\/wp-json\/wp\/v2\/posts"}],"about":[{"href":"https:\/\/www.europesays.com\/fr\/wp-json\/wp\/v2\/types\/post"}],"author":[{"embeddable":true,"href":"https:\/\/www.europesays.com\/fr\/wp-json\/wp\/v2\/users\/2"}],"replies":[{"embeddable":true,"href":"https:\/\/www.europesays.com\/fr\/wp-json\/wp\/v2\/comments?post=332499"}],"version-history":[{"count":0,"href":"https:\/\/www.europesays.com\/fr\/wp-json\/wp\/v2\/posts\/332499\/revisions"}],"wp:featuredmedia":[{"embeddable":true,"href":"https:\/\/www.europesays.com\/fr\/wp-json\/wp\/v2\/media\/332500"}],"wp:attachment":[{"href":"https:\/\/www.europesays.com\/fr\/wp-json\/wp\/v2\/media?parent=332499"}],"wp:term":[{"taxonomy":"category","embeddable":true,"href":"https:\/\/www.europesays.com\/fr\/wp-json\/wp\/v2\/categories?post=332499"},{"taxonomy":"post_tag","embeddable":true,"href":"https:\/\/www.europesays.com\/fr\/wp-json\/wp\/v2\/tags?post=332499"}],"curies":[{"name":"wp","href":"https:\/\/api.w.org\/{rel}","templated":true}]}}