{"id":332501,"date":"2025-08-20T21:50:13","date_gmt":"2025-08-20T21:50:13","guid":{"rendered":"https:\/\/www.europesays.com\/fr\/332501\/"},"modified":"2025-08-20T21:50:13","modified_gmt":"2025-08-20T21:50:13","slug":"quand-emmanuel-macron-a-force-la-main-a-donald-trump","status":"publish","type":"post","link":"https:\/\/www.europesays.com\/fr\/332501\/","title":{"rendered":"quand Emmanuel Macron a forc\u00e9 la main \u00e0 Donald Trump"},"content":{"rendered":"<p class=\"mb-4 text-lg md:leading-8 break-words\">Tout s&rsquo;est jou\u00e9 en une visioconf\u00e9rence. Comme le rappelle\u00a0Le Canard encha\u00een\u00e9, les dirigeants europ\u00e9ens et Donald Trump s&rsquo;\u00e9taient r\u00e9unis le dimanche 17\u00a0ao\u00fbt, sans Volodymyr Zelensky. Emmanuel Macron, depuis le fort de Br\u00e9gan\u00e7on, le lieu de vill\u00e9giature historique des pr\u00e9sidents de la R\u00e9publique fran\u00e7ais, avait alors pu assister \u00e0 la fanfaronnade du pr\u00e9sident am\u00e9ricain.<\/p>\n<p class=\"mb-4 text-lg md:leading-8 break-words\">\u00ab\u00a0J&rsquo;ai \u00e9t\u00e9 tr\u00e8s bon pour arr\u00eater les guerres\u00a0\u00bb, se f\u00e9licitait ce dernier, citant la paix entre l&rsquo;Arm\u00e9nie et l&rsquo;Azerba\u00efdjan, entre le Cambodge et la Tha\u00eflande, le Rwanda et le Congo, entre autres suppos\u00e9s faits d&rsquo;armes. Dans le m\u00eame temps, et dans un inattendu acc\u00e8s de modestie, il a tout de m\u00eame avou\u00e9 que la guerre en Ukraine \u00ab\u00a0est difficile \u00e0 arr\u00eater\u00a0\u00bb. Tout en r\u00e9coltant les lauriers de la venue de Vladimir Poutine en Alaska\u00a0: \u00ab\u00a0C&rsquo;\u00e9tait tr\u00e8s difficile pour lui.\u00a0\u00bb<\/p>\n<p class=\"mb-4 text-lg md:leading-8 break-words\">\u00c0 LIRE AUSSI <strong class=\"strong\"><a href=\"https:\/\/www.lepoint.fr\/monde\/comment-a-reagi-emmanuel-macron-au-sommet-de-washington-pour-l-ukraine-19-08-2025-2596590_24.php\" rel=\"nofollow noopener\" target=\"_blank\" data-ylk=\"slk:Comment a r\u00e9agi Emmanuel Macron au sommet de Washington pour l&#039;Ukraine;elm:context_link;itc:0;sec:content-canvas\" class=\"link \">Comment a r\u00e9agi Emmanuel Macron au sommet de Washington pour l&rsquo;Ukraine<\/a><\/strong>\u00c0 cette autosatisfaction succ\u00e9da, selon l&rsquo;hebdomadaire, la flagornerie de ses interlocuteurs, notamment du secr\u00e9taire g\u00e9n\u00e9ral de l&rsquo;Otan, Mark Rutte\u00a0: \u00ab\u00a0Vous \u00e9tiez le seul \u00e0 \u00eatre capable d&rsquo;obtenir une r\u00e9union comme celle-ci\u00a0\u00bb, lui a-t-il ainsi lanc\u00e9. Emmanuel Macron a \u00e9t\u00e9 parmi les derniers \u00e0 s&rsquo;exprimer lors de cette r\u00e9union et n&rsquo;a pas manqu\u00e9 de reprendre le pr\u00e9sident am\u00e9ricain.<\/p>\n<p>\u00ab\u00a0Inviter Poutine, c&rsquo;\u00e9tait le sortir de son isolement\u00a0\u00bb<\/p>\n<p class=\"mb-4 text-lg md:leading-8 break-words\">\u00ab\u00a0Poutine a \u00e9t\u00e9 exclu du G8, il n&rsquo;a pas pu se rendre aux sommets du G20. La meilleure invitation qu&rsquo;il ait re\u00e7ue ces derni\u00e8re [&#8230;] <a href=\"https:\/\/www.lepoint.fr\/monde\/tu-as-fait-une-enorme-faveur-a-poutine-quand-emmanuel-macron-a-force-la-main-a-donald-trump-20-08-2025-2596714_24.php\" rel=\"nofollow noopener\" target=\"_blank\" data-ylk=\"slk:Lire la suite;elm:context_link;itc:0;sec:content-canvas\" class=\"link \">Lire la suite<\/a><\/p>\n","protected":false},"excerpt":{"rendered":"Tout s&rsquo;est jou\u00e9 en une visioconf\u00e9rence. Comme le rappelle\u00a0Le Canard encha\u00een\u00e9, les dirigeants europ\u00e9ens et Donald Trump s&rsquo;\u00e9taient&hellip;\n","protected":false},"author":2,"featured_media":332502,"comment_status":"","ping_status":"","sticky":false,"template":"","format":"standard","meta":{"footnotes":""},"categories":[5],"tags":[11,75,1073,1011,27,14,46970,38342,12,7274,2289,135,134,28],"class_list":{"0":"post-332501","1":"post","2":"type-post","3":"status-publish","4":"format-standard","5":"has-post-thumbnail","7":"category-international","8":"tag-actualites","9":"tag-donald-trump","10":"tag-emmanuel-macron","11":"tag-fr","12":"tag-france","13":"tag-international","14":"tag-le-cambodge","15":"tag-le-canard-enchaine","16":"tag-news","17":"tag-president-americain","18":"tag-secretaire-general-de-lotan","19":"tag-vladimir-poutine","20":"tag-volodymyr-zelensky","21":"tag-world"},"share_on_mastodon":{"url":"https:\/\/pubeurope.com\/@fr\/115063306692179939","error":""},"_links":{"self":[{"href":"https:\/\/www.europesays.com\/fr\/wp-json\/wp\/v2\/posts\/332501","targetHints":{"allow":["GET"]}}],"collection":[{"href":"https:\/\/www.europesays.com\/fr\/wp-json\/wp\/v2\/posts"}],"about":[{"href":"https:\/\/www.europesays.com\/fr\/wp-json\/wp\/v2\/types\/post"}],"author":[{"embeddable":true,"href":"https:\/\/www.europesays.com\/fr\/wp-json\/wp\/v2\/users\/2"}],"replies":[{"embeddable":true,"href":"https:\/\/www.europesays.com\/fr\/wp-json\/wp\/v2\/comments?post=332501"}],"version-history":[{"count":0,"href":"https:\/\/www.europesays.com\/fr\/wp-json\/wp\/v2\/posts\/332501\/revisions"}],"wp:featuredmedia":[{"embeddable":true,"href":"https:\/\/www.europesays.com\/fr\/wp-json\/wp\/v2\/media\/332502"}],"wp:attachment":[{"href":"https:\/\/www.europesays.com\/fr\/wp-json\/wp\/v2\/media?parent=332501"}],"wp:term":[{"taxonomy":"category","embeddable":true,"href":"https:\/\/www.europesays.com\/fr\/wp-json\/wp\/v2\/categories?post=332501"},{"taxonomy":"post_tag","embeddable":true,"href":"https:\/\/www.europesays.com\/fr\/wp-json\/wp\/v2\/tags?post=332501"}],"curies":[{"name":"wp","href":"https:\/\/api.w.org\/{rel}","templated":true}]}}