{"id":332503,"date":"2025-08-20T21:51:14","date_gmt":"2025-08-20T21:51:14","guid":{"rendered":"https:\/\/www.europesays.com\/fr\/332503\/"},"modified":"2025-08-20T21:51:14","modified_gmt":"2025-08-20T21:51:14","slug":"les-images-de-lautoroute-a11-inondee-et-coupee-dans-les-deux-sens-a-cause-des-fortes-pluies","status":"publish","type":"post","link":"https:\/\/www.europesays.com\/fr\/332503\/","title":{"rendered":"les images de l\u2019autoroute A11 inond\u00e9e et coup\u00e9e dans les deux sens \u00e0 cause des fortes pluies"},"content":{"rendered":"<p>        <img decoding=\"async\" loading=\"lazy\" src=\"https:\/\/www.europesays.com\/fr\/wp-content\/uploads\/2025\/08\/8ee604b_upload-1-qqulsokbkdls-capture-da-a-cran-2025-08-20-194034.png\"  width=\"728\" height=\"409\" alt=\"L\u2019autoroute A11 est coup\u00e9e au niveau de Chartres dans les deux\u00a0sens de circulation suite \u00e0 une inondation ce mercredi 20\u00a0ao\u00fbt.\"\/>  <\/p>\n<p>Capture d\u2019\u00e9cran Vinci Autoroutes<\/p>\n<p class=\"asset asset-text\">FRANCE &#8211; Les intemp\u00e9ries font de gros d\u00e9g\u00e2ts. L\u2019autoroute A11\u00a0a d\u00fb \u00eatre coup\u00e9e \u00e0 proximit\u00e9 de Chartres ce mercredi 20\u00a0ao\u00fbt en <a href=\"https:\/\/www.huffingtonpost.fr\/france\/article\/vigilance-orange-11-departements-sous-surveillance-pour-pluie-inondation_253771.html\" target=\"_blank\" rel=\"noopener\">pleine vigilance orange inondation<\/a> dans le d\u00e9partement de l\u2019Eure-et-Loir.<\/p>\n<p class=\"asset asset-text\">\u00c0 cause des <a href=\"https:\/\/www.huffingtonpost.fr\/international\/article\/les-folles-images-des-rues-et-du-metro-de-new-york-inondes-apres-des-pluies-diluviennes_252607.html\" target=\"_blank\" rel=\"noopener\">fortes pluies<\/a> qui se sont abattues ce mercredi, Vinci Autoroutes a \u00e9t\u00e9 contraint d\u2019annoncer l\u2019interruption du trafic routier \u00ab\u00a0dans les deux\u00a0sens\u00a0\u00bb dans le secteur de <a href=\"https:\/\/www.huffingtonpost.fr\/france\/article\/trois-morts-apres-le-crash-d-un-avion-de-tourisme-dans-une-zone-residentielle-pres-de-chartres_251929.html\" target=\"_blank\" rel=\"noopener\">Chartres<\/a>, l\u2019autoroute \u00e9tant bloqu\u00e9e \u00e0 cause d\u2019un tron\u00e7on inond\u00e9. Cette fermeture restera en vigueur jusqu\u2019en \u00ab\u00a0fin de soir\u00e9e\u00a0\u00bb, ont \u00e9galement indiqu\u00e9 Vinci Autoroute et le ministre des Transports. \u00ab\u00a0En raison des fortes pluies qui frappent notre pays, la circulation est coup\u00e9e et d\u00e9vi\u00e9e sur l\u2019A11, dans les deux sens, entre Ablis et Chartres\u00a0\u00bb, a notamment \u00e9crit le ministre des Transports Philippe Tabarot sur X.<\/p>\n<p class=\"asset asset-text\">Dans de telles conditions, de nombreux v\u00e9hicules ont d\u00fb \u00eatre \u00e9vacu\u00e9s aux abords de la coupure, a-t-il ajout\u00e9, appelant \u00ab\u00a0les automobilistes qui circulent actuellement dans cette zone \u00e0 suivre l\u2019itin\u00e9raire de d\u00e9viation qui a \u00e9t\u00e9 mis en place via l\u2019A10 et l\u2019A28\u00a0\u00bb.<\/p>\n<p> La lecture de ce contenu est susceptible d\u2019entra\u00eener un d\u00e9p\u00f4t de cookies de la part de l\u2019op\u00e9rateur tiers qui l\u2019h\u00e9berge. Compte-tenu des choix que vous avez exprim\u00e9s en mati\u00e8re de d\u00e9p\u00f4t de cookies, nous avons bloqu\u00e9 l\u2019affichage de ce contenu. Si vous souhaitez y acc\u00e9der, vous devez accepter la cat\u00e9gorie de cookies \u201cContenus tiers\u201d en cliquant sur le bouton ci-dessous. <\/p>\n<p> Lire la Vid\u00e9o        <\/p>\n<p class=\"asset asset-text\">Vinci Autoroutes de son c\u00f4t\u00e9 \u00ab\u00a0recommande de diff\u00e9rer tous les d\u00e9placements sur le secteur de Chartres\u00a0\u00bb. Une zone de \u00ab\u00a0quelques kilom\u00e8tres est concern\u00e9e\u00a0\u00bb par les inondations des voies dans les deux sens et \u00ab\u00a0la circulation est impossible dans ce secteur pour l\u2019ensemble des v\u00e9hicules en direction de Paris et du\u00a0Mans (&#8230;) jusqu\u2019en fin de soir\u00e9e\u00a0\u00bb.<\/p>\n<p> La lecture de ce contenu est susceptible d\u2019entra\u00eener un d\u00e9p\u00f4t de cookies de la part de l\u2019op\u00e9rateur tiers qui l\u2019h\u00e9berge. Compte-tenu des choix que vous avez exprim\u00e9s en mati\u00e8re de d\u00e9p\u00f4t de cookies, nous avons bloqu\u00e9 l\u2019affichage de ce contenu. Si vous souhaitez y acc\u00e9der, vous devez accepter la cat\u00e9gorie de cookies \u201cContenus tiers\u201d en cliquant sur le bouton ci-dessous. <\/p>\n<p> Lire la Vid\u00e9o        Presque deux mois de pluie en 12\u00a0heures    <\/p>\n<p class=\"asset asset-text\">Comme le rapporte <a href=\"https:\/\/france3-regions.franceinfo.fr\/centre-val-de-loire\/eure-et-loir\/video-inondations-l-autoroute-a11-coupee-dans-les-deux-sens-apres-de-fortes-pluies-des-trains-annules-3204458.html\" target=\"_blank\" rel=\"noopener\" title=\"Nouvelle fen\u00eatre\">France 3<\/a>, les automobilistes surpris par cette inondation avaient souvent du mal \u00e0 croire au spectacle sous leurs yeux. \u00ab\u00a0On est dans l\u2019eau, on est compl\u00e8tement dans l\u2019eau. Je n\u2019ai jamais vu \u00e7a\u00a0\u00bb, observe la passag\u00e8re d\u2019un v\u00e9hicule qui a film\u00e9 l\u2019impressionnant niveau de l\u2019eau sur cette portion de l\u2019autoroute A11,<strong> comme vous pouvez le voir dans la vid\u00e9o ci-dessous<\/strong>.<\/p>\n<p> La lecture de ce contenu est susceptible d\u2019entra\u00eener un d\u00e9p\u00f4t de cookies de la part de l\u2019op\u00e9rateur tiers qui l\u2019h\u00e9berge. Compte-tenu des choix que vous avez exprim\u00e9s en mati\u00e8re de d\u00e9p\u00f4t de cookies, nous avons bloqu\u00e9 l\u2019affichage de ce contenu. Si vous souhaitez y acc\u00e9der, vous devez accepter la cat\u00e9gorie de cookies \u201cContenus tiers\u201d en cliquant sur le bouton ci-dessous. <\/p>\n<p> Lire la Vid\u00e9o        <\/p>\n<p class=\"asset asset-text\">Et comme le rapporte <a href=\"https:\/\/x.com\/BFMTV\/status\/1958177497687749099\" target=\"_blank\" rel=\"noopener\" title=\"Nouvelle fen\u00eatre\">BFMTV<\/a>, ce sont plus de 100\u00a0litres d\u2019eau au m\u00e8tre carr\u00e9 qui ont \u00e9t\u00e9 recens\u00e9s dans ce secteur en l\u2019espace de 12\u00a0heures. Ce qui \u00e9quivaut \u00e0 presque deux mois de pluie en une demi-journ\u00e9e.<\/p>\n<p class=\"asset asset-text\">Plac\u00e9 ce mercredi en alerte orange par M\u00e9t\u00e9o-France pour risque de \u00ab\u00a0pluie et inondations\u00a0\u00bb, comme onze autres d\u00e9partements du centre et de l\u2019est du pays, l\u2019Eure-et-Loir a \u00e9t\u00e9 tr\u00e8s s\u00e9v\u00e8rement touch\u00e9 par ces fortes\u00a0pr\u00e9cipitations. \u00ab\u00a0Le gros de l\u2019\u00e9pisode pluvieux et orageux a donn\u00e9 entre 20 et 50\u00a0mm en l\u2019espace de six heures, ponctuellement plus, jusqu\u2019\u00e0 75\u00a0mm en six heures environ sur Chartres et m\u00eame 105\u00a0mm en 24\u00a0heures\u00a0\u00bb, d\u00e9taille M\u00e9t\u00e9o-France.<\/p>\n<p> La lecture de ce contenu est susceptible d\u2019entra\u00eener un d\u00e9p\u00f4t de cookies de la part de l\u2019op\u00e9rateur tiers qui l\u2019h\u00e9berge. Compte-tenu des choix que vous avez exprim\u00e9s en mati\u00e8re de d\u00e9p\u00f4t de cookies, nous avons bloqu\u00e9 l\u2019affichage de ce contenu. Si vous souhaitez y acc\u00e9der, vous devez accepter la cat\u00e9gorie de cookies \u201cContenus tiers\u201d en cliquant sur le bouton ci-dessous. <\/p>\n<p> Lire la Vid\u00e9o        <\/p>\n<p class=\"asset asset-text\">Les pompiers ont d\u2019ailleurs \u00e9t\u00e9 contraints de mener une trentaine d\u2019interventions depuis le d\u00e9but de la matin\u00e9e. Principalement dans des locaux commerciaux et des caves, comme le pr\u00e9cise la pr\u00e9fecture d\u2019Eure-et-Loir \u00e0 l\u2019AFP.<\/p>\n<p class=\"asset asset-text\">Toutefois, aucune \u00e9vacuation n\u2019a \u00e9t\u00e9 d\u00e9cid\u00e9e depuis le d\u00e9but de cet \u00e9pisode \u00ab\u00a0tr\u00e8s localis\u00e9\u00a0\u00bb sur Chartres et des communes aux alentours, o\u00f9 certaines rues ont parfois d\u00fb \u00eatre coup\u00e9es \u00e0 la circulation. Depuis 18\u00a0heures, l\u2019Eure-et-Loir a \u00e9t\u00e9 retir\u00e9 des d\u00e9partements en vigilance orange. Mais la vigilance jaune restera de mise pour le risque de crue dans les prochaines heures et jeudi.<\/p>\n<p class=\"asset asset-text\">Concernant l\u2019autoroute A11, le ministre des Transports a assur\u00e9 que les \u00ab\u00a0\u00e9quipes du concessionnaire Cofiroute, avec les services de l\u2019\u00c9tat, mettent tout en \u0153uvre pour permettre la r\u00e9ouverture de l\u2019A11 d\u00e8s que les conditions le permettront\u00a0\u00bb.<\/p>\n","protected":false},"excerpt":{"rendered":"Capture d\u2019\u00e9cran Vinci Autoroutes FRANCE &#8211; Les intemp\u00e9ries font de gros d\u00e9g\u00e2ts. L\u2019autoroute A11\u00a0a d\u00fb \u00eatre coup\u00e9e \u00e0&hellip;\n","protected":false},"author":2,"featured_media":332504,"comment_status":"","ping_status":"","sticky":false,"template":"","format":"standard","meta":{"footnotes":""},"categories":[4],"tags":[11,6955,436,1011,27,40824,3059,12,25],"class_list":{"0":"post-332503","1":"post","2":"type-post","3":"status-publish","4":"format-standard","5":"has-post-thumbnail","7":"category-france","8":"tag-actualites","9":"tag-autoroute","10":"tag-environnement","11":"tag-fr","12":"tag-france","13":"tag-innondation","14":"tag-intemperies","15":"tag-news","16":"tag-republique-francaise"},"share_on_mastodon":{"url":"https:\/\/pubeurope.com\/@fr\/115063310726840910","error":""},"_links":{"self":[{"href":"https:\/\/www.europesays.com\/fr\/wp-json\/wp\/v2\/posts\/332503","targetHints":{"allow":["GET"]}}],"collection":[{"href":"https:\/\/www.europesays.com\/fr\/wp-json\/wp\/v2\/posts"}],"about":[{"href":"https:\/\/www.europesays.com\/fr\/wp-json\/wp\/v2\/types\/post"}],"author":[{"embeddable":true,"href":"https:\/\/www.europesays.com\/fr\/wp-json\/wp\/v2\/users\/2"}],"replies":[{"embeddable":true,"href":"https:\/\/www.europesays.com\/fr\/wp-json\/wp\/v2\/comments?post=332503"}],"version-history":[{"count":0,"href":"https:\/\/www.europesays.com\/fr\/wp-json\/wp\/v2\/posts\/332503\/revisions"}],"wp:featuredmedia":[{"embeddable":true,"href":"https:\/\/www.europesays.com\/fr\/wp-json\/wp\/v2\/media\/332504"}],"wp:attachment":[{"href":"https:\/\/www.europesays.com\/fr\/wp-json\/wp\/v2\/media?parent=332503"}],"wp:term":[{"taxonomy":"category","embeddable":true,"href":"https:\/\/www.europesays.com\/fr\/wp-json\/wp\/v2\/categories?post=332503"},{"taxonomy":"post_tag","embeddable":true,"href":"https:\/\/www.europesays.com\/fr\/wp-json\/wp\/v2\/tags?post=332503"}],"curies":[{"name":"wp","href":"https:\/\/api.w.org\/{rel}","templated":true}]}}