{"id":332507,"date":"2025-08-20T21:54:13","date_gmt":"2025-08-20T21:54:13","guid":{"rendered":"https:\/\/www.europesays.com\/fr\/332507\/"},"modified":"2025-08-20T21:54:13","modified_gmt":"2025-08-20T21:54:13","slug":"foire-de-saint-etienne-2025-dates-horaires-et-programme","status":"publish","type":"post","link":"https:\/\/www.europesays.com\/fr\/332507\/","title":{"rendered":"Foire de Saint-Etienne 2025 : dates, horaires et programme"},"content":{"rendered":"<p class=\"intro\">La Foire de Saint-\u00c9tienne vous donne rendez-vous du 19 au 29 septembre 2025 au Parc Expo. Au programme\u00a0: d\u00e9couvertes, animations, bonnes affaires et saveurs r\u00e9gionales. V\u00e9ritable temps fort de la rentr\u00e9e, cet \u00e9v\u00e9nement incontournable rassemble chaque ann\u00e9e plus de 200 exposants autour de l\u2019habitat, du jardin, de l\u2019artisanat, du tourisme, des loisirs, de la mode et du bien-\u00eatre.\u00a0<\/p>\n<p class=\"intro\"><a data-lightbox=\"article\" data-title=\" Foire de Saint-\u00c9tienne : rendez-vous au Parc Expo \u00a9 www.foiredesaintetienne.com\" class=\"image detail fullwidth\" href=\"https:\/\/www.jds.fr\/medias\/image\/foire-de-saint-etienne-697461-1200-0-F.webp\" title=\" Foire de Saint-\u00c9tienne : rendez-vous au Parc Expo \u00a9 www.foiredesaintetienne.com\" rel=\"nofollow noopener\" target=\"_blank\"><br \/>\n<img decoding=\"async\" loading=\"lazy\" src=\"https:\/\/www.europesays.com\/fr\/wp-content\/uploads\/2025\/08\/foire-de-saint-etienne-697461-1200-0.webp.webp\"   alt=\" Foire de Saint-\u00c9tienne : rendez-vous au Parc Expo\" class=\"shortcode_image border\"\/><br \/>\n\u00a9 www.foiredesaintetienne.com<br \/>\n Foire de Saint-\u00c9tienne : rendez-vous au Parc Expo<br \/>\n<\/a>\n<\/p>\n<p>Dates et horaires de la Foire de Saint-\u00c9tienne 2025<\/p>\n<p>\ud83d\udcc5 Le Foire de Saint-\u00c9tienne vous accueille au Parc Expo du <strong>19 au 29 septembre 2025.\u00a0<\/strong><\/p>\n<p>\ud83d\udd50 <strong>Horaires d&rsquo;ouverture\u00a0: <\/strong><\/p>\n<ul>&#13;<\/p>\n<li><strong>Du lundi au vendredi<\/strong>\u00a0: 10h \u00e0 19h<\/li>\n<p>&#13;<\/p>\n<li><strong>Samedi et dimanche\u00a0:<\/strong> 10h \u00e0 20h<\/li>\n<p>&#13;\n<\/ul>\n<p>\ud83c\udf19 <strong>Nocturnes\u00a0:<\/strong> mardi 23 et vendredi 26 septembre jusqu\u2019\u00e0 22h (derni\u00e8re entr\u00e9e \u00e0 21h45).<\/p>\n<p>Programme de la Foire de Saint-\u00c9tienne 2025\u00a0: animations, exposants, gastronomie<br \/>\nLes univers de la Foire<\/p>\n<ul>&#13;<\/p>\n<li><strong>\ud83c\udfe1\u00a0 Habitat &amp; Jardin\u00a0:<\/strong> D\u00e9couvrez les derni\u00e8res innovations pour la maison, la d\u00e9coration, l\u2019am\u00e9nagement ext\u00e9rieur et les conseils d\u2019experts.<\/li>\n<p>&#13;<\/p>\n<li><strong>\u2702\ufe0f Artisanat &amp; Cr\u00e9ateurs<\/strong>\u00a0: Rencontrez des artisans passionn\u00e9s et repartez avec des pi\u00e8ces uniques.<\/li>\n<p>&#13;<\/p>\n<li><strong>\ud83d\udea2 Tourisme, Sport &amp; Loisirs<\/strong>\u00a0: Pr\u00e9parez vos prochaines escapades et profitez d\u2019animations sportives et ludiques.<\/li>\n<p>&#13;<\/p>\n<li><strong>\ud83d\udc54 Mode, Beaut\u00e9 &amp; Bien-\u00eatre<\/strong>\u00a0: Faites le plein de nouveaut\u00e9s et de conseils personnalis\u00e9s.<\/li>\n<p>&#13;\n<\/ul>\n<p>La liste de tous les exposants est \u00e0 retrouver sur le site officiel de la Foire.\u00a0<\/p>\n<p>L&rsquo;Irlande \u00e0 l&rsquo;honneur pour cette 76\u00e8me \u00e9dition de la Foie de Saint-\u00c9tienne<\/p>\n<p><a data-lightbox=\"article\" data-title=\"L&#039;Irlande : le pays \u00e0 l&#039;honneur sur la Foire de Saint-\u00c9tienne 2025 \u00a9 www.foiredesaintetienne.com\" class=\"image detail fullwidth\" href=\"https:\/\/www.jds.fr\/medias\/image\/foire-de-saint-etienne-1-697462-1200-0-F.webp\" title=\"L&#039;Irlande : le pays \u00e0 l&#039;honneur sur la Foire de Saint-\u00c9tienne 2025 \u00a9 www.foiredesaintetienne.com\" rel=\"nofollow noopener\" target=\"_blank\"><br \/>\n<img decoding=\"async\" loading=\"lazy\" src=\"https:\/\/www.europesays.com\/fr\/wp-content\/uploads\/2025\/08\/foire-de-saint-etienne-1-697462-1200-0.webp.webp\"   alt=\"L'Irlande : le pays \u00e0 l'honneur sur la Foire de Saint-\u00c9tienne 2025\" class=\"shortcode_image border\"\/><br \/>\n\u00a9 www.foiredesaintetienne.com<br \/>\nL&rsquo;Irlande : le pays \u00e0 l&rsquo;honneur sur la Foire de Saint-\u00c9tienne 2025<br \/>\n<\/a>\n<\/p>\n<p>Apr\u00e8s les Iles du Pacifique en 2023 puis le Japon en 2024, cette ann\u00e9e 2025 sera plac\u00e9e sous le signe de <strong>l\u2019Irlande,<\/strong> choisie comme un \u201cclin d\u2019\u0153il \u00e0 l\u2019autre peuple vert\u201d.<\/p>\n<p>Une exposition de 1\u202f000\u202fm\u00b2 sera d\u00e9di\u00e9e \u00e0 l\u2019Irlande, avec une mise en sc\u00e8ne immersive proposant une d\u00e9ambulation sc\u00e9nographi\u00e9e o\u00f9 seront repr\u00e9sent\u00e9s des <strong>personnages et l\u00e9gendes de la culture celtique<\/strong>\u00a0: Merlin l\u2019enchanteur, druides, sorci\u00e8res, ainsi que des cr\u00e9atures fantastiques.<\/p>\n<p>S\u2019ajouteront un <strong>espace Harry Potter<\/strong>, un environnement d\u00e9di\u00e9 \u00e0 Les Animaux fantastiques, ainsi qu\u2019un dragon anim\u00e9 et un dragonnier conteur pour des sessions de r\u00e9cits.<\/p>\n<p>Le tout sera accompagn\u00e9 de musique irlandaise.\u00a0<\/p>\n<p>Restauration et gastronomie<\/p>\n<p>D\u00e9gustez des sp\u00e9cialit\u00e9s r\u00e9gionales, d\u00e9couvrez des producteurs locaux et profitez de la nouvelle halle gourmande qui remplace l&rsquo;ancienne all\u00e9e gourmande.\u00a0<\/p>\n<p>Un espace type food court prend place dans la cour int\u00e9rieure, avec des food trucks, des tables communes, et une guinguette conviviale.<\/p>\n<p class=\"mise_en_avant\">Consultez tout l&rsquo;agenda des <a href=\"https:\/\/www.jds.fr\/saint-etienne\/\" rel=\"nofollow noopener\" target=\"_blank\">\u00e9v\u00e9nements \u00e0 Saint-\u00c9tienne<\/a>.<\/p>\n<p>Tarifs et billetterie pour la Foire de Saint-\u00c9tienne 2025<\/p>\n<p>R\u00e9servez d\u00e8s maintenant<strong> vos billets sur la billetterie en ligne<\/strong> pour profiter pleinement de la Foire de Saint-\u00c9tienne \u00e0 tarifs r\u00e9duits\u00a0! (lien en bas de page).\u00a0<\/p>\n<p><strong>\ud83c\udf9f\ufe0f\u00a0 Les tarifs 2025 sont les suivants\u00a0:<\/strong><\/p>\n<ul>&#13;<\/p>\n<li><strong>Pr\u00e9vente en ligne<\/strong>\u00a0: 2,50\u20ac (en vente jusqu&rsquo;au 15 septembre)<\/li>\n<p>&#13;<\/p>\n<li><strong>Tarif sur place<\/strong>\u00a0: 5\u20ac<\/li>\n<p>&#13;<\/p>\n<li><strong>Tarif r\u00e9duit\u00a0:<\/strong> 3\u20ac (enfants de 8 \u00e0 12 ans \/ personnes en situation de handicap)<\/li>\n<p>&#13;<\/p>\n<li><strong>Gratuit<\/strong>\u00a0: enfants de -8 ans accompagn\u00e9s.<\/li>\n<p>&#13;<\/p>\n<li><strong>Groupes scolaires<\/strong>\u00a0: 1\u20ac par \u00e9l\u00e8ve \/ enseignants accompagnateurs gratuits (r\u00e9servation obligatoire)<\/li>\n<p>&#13;<\/p>\n<li><strong>Tarif C.E &amp; groupes (min. 20 pers)<\/strong>\u00a0: 3\u20ac<\/li>\n<p>&#13;\n<\/ul>\n<p>Journ\u00e9es sp\u00e9ciales\u00a0: entr\u00e9es gratuites \u00e0 la Foire<\/p>\n<p>L&rsquo;entr\u00e9e est gratuite en t\u00e9l\u00e9chargeant votre invitation sur le site officiel.\u00a0<\/p>\n<ul>&#13;<\/p>\n<li><strong>Lundi 22 septembre\u00a0:<\/strong> Journ\u00e9e des seniors (+ de 60 ans).<\/li>\n<p>&#13;<\/p>\n<li><strong>Mardi 23 septembre<\/strong>\u00a0: Journ\u00e9e des femmes.\u00a0<\/li>\n<p>&#13;<\/p>\n<li><strong>Mercredi 24 septembre<\/strong>\u00a0: Journ\u00e9e des enfants. L&rsquo;entr\u00e9e est gratuite pour les enfants accompagn\u00e9s.<\/li>\n<p>&#13;<\/p>\n<li><strong>Jeudi 25 septembre<\/strong>\u00a0: Journ\u00e9e des seniors et des \u00e9tudiants.<\/li>\n<p>&#13;<\/p>\n<li><strong>Vendredi 26 septembre<\/strong>\u00a0: Journ\u00e9e des hommes. \u00a0<\/li>\n<p>&#13;<\/p>\n<li><strong>Seniors<\/strong> (+ de 60 ans)\u00a0: Entr\u00e9e gratuite tous les matins jusqu&rsquo;\u00e0 12h, du lundi au vendredi (non valable le week-end).<\/li>\n<p>&#13;<\/p>\n<li><strong>Nocturnes<\/strong>\u00a0: Entr\u00e9e gratuite \u00e0 partir de 18h les mardis 23 et vendredis 26 septembre 2025.<\/li>\n<p>&#13;\n<\/ul>\n<p><a data-lightbox=\"article\" data-title=\"Stands et exposants sur la Foire de Saint-\u00c9tienne \u00a9 www.foiredesaintetienne.com\" class=\"image detail fullwidth\" href=\"https:\/\/www.jds.fr\/medias\/image\/foire-de-saint-etienne-2-697463-1200-0-F.webp\" title=\"Stands et exposants sur la Foire de Saint-\u00c9tienne \u00a9 www.foiredesaintetienne.com\" rel=\"nofollow noopener\" target=\"_blank\"><br \/>\n<img decoding=\"async\" loading=\"lazy\" src=\"https:\/\/www.europesays.com\/fr\/wp-content\/uploads\/2025\/08\/foire-de-saint-etienne-2-697463-1200-0.webp.webp\"   alt=\"Stands et exposants sur la Foire de Saint-\u00c9tienne\" class=\"shortcode_image border\"\/><br \/>\n\u00a9 www.foiredesaintetienne.com<br \/>\nStands et exposants sur la Foire de Saint-\u00c9tienne<br \/>\n<\/a>\n<\/p>\n<p>Foire de Saint-Etienne\u00a0: acc\u00e8s et parking<\/p>\n<p>Le Parc Expo de Saint-\u00c9tienne est facilement accessible en voiture, en transports en commun (bus 8 et 10 et tram T3), et dispose de parkings \u00e0 proximit\u00e9 pour les visiteurs (Z\u00e9nith, Houdin, Stade Geoffroy-Guichard). <br \/>Des <strong>acc\u00e8s PMR<\/strong> sont pr\u00e9vus pour garantir l\u2019accueil de tous.<\/p>\n<p>Entr\u00e9e c\u00f4t\u00e9 Boulevard Jules Janin (en face de la patinoire).\u00a0<\/p>\n<p>Les animaux, m\u00eame tenus en laisse ne sont pas admis (sauf les chiens guides, d&rsquo;aveugles ou d&rsquo;assistance uniquement).<\/p>\n<p class=\"mise_en_avant\">Pour prolonger l\u2019exp\u00e9rience des foires et salons, d\u00e9couvrez aussi le <a href=\"https:\/\/www.jds.fr\/lyon\/foires-et-salons\/foires\/salon-vignerons-independants-lyon-170481_A\" rel=\"nofollow noopener\" target=\"_blank\">Salon du vin \u00e0 Lyon<\/a>, le <a href=\"https:\/\/www.jds.fr\/lyon\/foires-et-salons\/foires\/salon-chocolat-lyon-170485_A\" rel=\"nofollow noopener\" target=\"_blank\">Salon du Chocolat \u00e0 Lyon<\/a> et <a href=\"https:\/\/www.jds.fr\/lyon\/foires-et-salons\/foires\/quais-du-polar-170522_A\" rel=\"nofollow noopener\" target=\"_blank\">Quais du Polar \u00e0 Lyon<\/a>\u00a0!<\/p>\n<p class=\"font-size-30 fw-bold lh-1 mt-0 mb-4\">Je trouve les meilleures sorties dans ma ville<\/p>\n","protected":false},"excerpt":{"rendered":"La Foire de Saint-\u00c9tienne vous donne rendez-vous du 19 au 29 septembre 2025 au Parc Expo. Au programme\u00a0:&hellip;\n","protected":false},"author":2,"featured_media":332508,"comment_status":"","ping_status":"","sticky":false,"template":"","format":"standard","meta":{"footnotes":""},"categories":[9653],"tags":[1111,11,2430,1777,674,1011,27,12,25,4001],"class_list":{"0":"post-332507","1":"post","2":"type-post","3":"status-publish","4":"format-standard","5":"has-post-thumbnail","7":"category-saint-etienne","8":"tag-actu","9":"tag-actualites","10":"tag-auvergne-rhone-alpes","11":"tag-eu","12":"tag-europe","13":"tag-fr","14":"tag-france","15":"tag-news","16":"tag-republique-francaise","17":"tag-saint-etienne"},"share_on_mastodon":{"url":"https:\/\/pubeurope.com\/@fr\/115063322576967623","error":""},"_links":{"self":[{"href":"https:\/\/www.europesays.com\/fr\/wp-json\/wp\/v2\/posts\/332507","targetHints":{"allow":["GET"]}}],"collection":[{"href":"https:\/\/www.europesays.com\/fr\/wp-json\/wp\/v2\/posts"}],"about":[{"href":"https:\/\/www.europesays.com\/fr\/wp-json\/wp\/v2\/types\/post"}],"author":[{"embeddable":true,"href":"https:\/\/www.europesays.com\/fr\/wp-json\/wp\/v2\/users\/2"}],"replies":[{"embeddable":true,"href":"https:\/\/www.europesays.com\/fr\/wp-json\/wp\/v2\/comments?post=332507"}],"version-history":[{"count":0,"href":"https:\/\/www.europesays.com\/fr\/wp-json\/wp\/v2\/posts\/332507\/revisions"}],"wp:featuredmedia":[{"embeddable":true,"href":"https:\/\/www.europesays.com\/fr\/wp-json\/wp\/v2\/media\/332508"}],"wp:attachment":[{"href":"https:\/\/www.europesays.com\/fr\/wp-json\/wp\/v2\/media?parent=332507"}],"wp:term":[{"taxonomy":"category","embeddable":true,"href":"https:\/\/www.europesays.com\/fr\/wp-json\/wp\/v2\/categories?post=332507"},{"taxonomy":"post_tag","embeddable":true,"href":"https:\/\/www.europesays.com\/fr\/wp-json\/wp\/v2\/tags?post=332507"}],"curies":[{"name":"wp","href":"https:\/\/api.w.org\/{rel}","templated":true}]}}