{"id":332513,"date":"2025-08-20T21:57:11","date_gmt":"2025-08-20T21:57:11","guid":{"rendered":"https:\/\/www.europesays.com\/fr\/332513\/"},"modified":"2025-08-20T21:57:11","modified_gmt":"2025-08-20T21:57:11","slug":"a-la-valette-du-var-la-proximite-avec-les-habitants-au-coeur-des-actions","status":"publish","type":"post","link":"https:\/\/www.europesays.com\/fr\/332513\/","title":{"rendered":"\u00c0 La Valette-du-Var, la proximit\u00e9 avec les habitants au c\u0153ur des actions (\u2026)"},"content":{"rendered":"<p>                    <img loading=\"lazy\" decoding=\"async\" src=\"https:\/\/www.europesays.com\/fr\/wp-content\/uploads\/2025\/08\/eb56b4c4e75cc01dd78422e461c1d5.jpg\" class=\"img-responsive post-image\" width=\"680\" height=\"510\" alt=\"\u00c0 La Valette-du-Var, (\u2026)\" title=\"\u00c0 La Valette-du-Var, la proximit\u00e9 avec les habitants au c\u0153ur des actions municipales\"\/><\/p>\n<p class=\"chapo\">Avec le dispositif \u00ab\u00a0All\u00f4 Monsieur le Maire\u00a0\u00bb, la Ville met \u00e0 la disposition des Valettois un service d\u2019intervention rapide, con\u00e7u pour r\u00e9pondre aux probl\u00e8mes du quotidien.<\/p>\n<p>En parall\u00e8le, elle a organis\u00e9 une dizaine d\u2019op\u00e9rations Cadre de Vie, un moment privil\u00e9gi\u00e9 o\u00f9 l\u2019\u00e9quipe municipale, accompagn\u00e9e d\u2019agents m\u00e9tropolitains et municipaux, vient \u00e0 la rencontre des riverains dans chaque quartier.<\/p>\n<p>EMBELLIR L\u2019ENVIRONNEMENT <\/p>\n<p>\u00ab\u00a0Ces op\u00e9rations sont l\u2019occasion d\u2019\u00e9changer directement avec les habitants, loin des r\u00e9seaux sociaux, et de recueillir leurs besoins et leurs id\u00e9es, tout en intervenant sur le terrain pour nettoyer, r\u00e9parer et embellir leur environnement. La proximit\u00e9, c\u2019est \u00e9galement ce qui se voit moins comme les services que la Ville met \u00e0 leur disposition. Notre p\u00f4le \u00ab\u00a0services \u00e0 la population\u00a0\u00bb s\u2019est illustr\u00e9, cette ann\u00e9e, avec un grand nombre de titres d\u2019identit\u00e9 trait\u00e9s nous valant une dotation exceptionnelle pour les titres s\u00e9curis\u00e9s. En 2024, notre mairie a accueilli et renseign\u00e9 plus de 60 000 personnes en ligne ou sur place. La commune a \u00e9galement \u00e9t\u00e9 d\u00e9sign\u00e9e site pilote pour la certification d\u2019identit\u00e9 num\u00e9rique, nouveau service France Identit\u00e9\u00a0\u00bb.<br class=\"autobr\"\/><br \/>\nComme chaque ann\u00e9e, la Ville, via son CCAS, a multipli\u00e9 les actions envers les a\u00een\u00e9s, qui ont \u00e9t\u00e9 au c\u0153ur des attentions, comme le rappelle le premier magistrat\u00a0: \u00ab\u00a0Le d\u00e9sormais incontournable Printemps des Seniors a offert \u00e0 nos a\u00een\u00e9s une semaine riche en activit\u00e9s vari\u00e9es et pens\u00e9es pour offrir des moments de plaisir, de d\u00e9tente et de convivialit\u00e9. Puis \u00e0 l\u2019automne, la Semaine de l\u2019\u00c2ge d\u2019Or, a de nouveau permis \u00e0 nos a\u00een\u00e9s d\u2019assister \u00e0 des spectacles et diverses activit\u00e9s. Nous avons \u00e9galement c\u00e9l\u00e9br\u00e9, avec \u00e9motion les noces d\u2019or et de diamant, des couples valettois. Tout au long de l\u2019ann\u00e9e, des apr\u00e8s-midis festifs et dansants ont permis aux a\u00een\u00e9s de se r\u00e9unir pour partager des moments de joie et d\u2019\u00e9change\u00a0\u00bb.<\/p>\n<p>SOLIDARIT\u00c9 AVEC LES SENIORS<\/p>\n<p>Le maire poursuit\u00a0: \u00ab\u00a0Nous avons intensifi\u00e9 nos actions interg\u00e9n\u00e9rationnelles, qui cr\u00e9ent un lien pr\u00e9cieux entre les g\u00e9n\u00e9rations et des souvenirs communs. Par exemple, les maternelles ont rendu visite aux r\u00e9sidents de l\u2019EHPAD Tamaris. Les plus grands du centre a\u00e9r\u00e9 et de la ludoth\u00e8que ont rencontr\u00e9 les seniors du foyer des Gen\u00eats, pour des matin\u00e9es de jeux et de partage. Il y a quelques semaines, la chorale des coll\u00e9giens de Bosco a enchant\u00e9 les r\u00e9sidents de l\u2019EHPAD, leur offrant un moment de magie et d\u2019\u00e9motion.<br class=\"autobr\"\/><br \/>\nLa solidarit\u00e9, c\u2019est aussi l\u2019attention port\u00e9e \u00e0 tous. Le repas des a\u00een\u00e9s a rassembl\u00e9 pr\u00e8s de 600 convives, dans une ambiance festive o\u00f9 traditions et convivialit\u00e9 se sont m\u00eal\u00e9es.<br class=\"autobr\"\/><br \/>\nNous avons poursuivi la distribution des colis de No\u00ebl (816 cette ann\u00e9e), un geste simple mais pr\u00e9cieux pour apporter un peu de r\u00e9confort aux personnes les plus fragiles\u00a0\u00bb.<\/p>\n<p>PETITE ENFANCE<\/p>\n<p>Apr\u00e8s avoir \u00e9voqu\u00e9 son engagement envers les a\u00een\u00e9s, le maire rappelle une autre priorit\u00e9 avec son action envers les familles et la petite enfance, socle de la soci\u00e9t\u00e9 et avenir de la commune. <br class=\"autobr\"\/><br \/>\nLe premier magistrat explique la d\u00e9marche des \u00e9lus\u00a0: \u00ab\u00a0 \u00c0 La Valette, nous croyons fermement que la parentalit\u00e9, d\u00e9finie comme l\u2019art de vivre et d\u2019\u00e9lever ses enfants, m\u00e9rite toute notre attention. C\u2019est pourquoi la Ville s\u2019investit pour accompagner les familles dans leur quotidien.<br class=\"autobr\"\/><br \/>\nEn avril, nous avons organis\u00e9 La Quinzaine des Familles, un \u00e9v\u00e9nement qui refl\u00e8te notre engagement envers les parents et les petits valettois. Cette initiative, port\u00e9e par un large r\u00e9seau associatif et soutenue par la CAF du Var, a propos\u00e9 un programme riche et vari\u00e9\u00a0: conf\u00e9rences, ateliers d\u2019\u00e9veil, spectacles et, bien s\u00fbr, le Forum de la Parentalit\u00e9, point d\u2019orgue de ces 15 jours et con\u00e7u comme un v\u00e9ritable espace d\u2019\u00e9changes et d\u2019information, qui a r\u00e9uni b\u00e9n\u00e9voles, professionnels et parents autour de th\u00e9matiques essentielles, allant des modes de garde aux m\u00e9tiers de la petite enfance.<br class=\"autobr\"\/><br \/>\nTout au long de l\u2019ann\u00e9e, nous poursuivons cet accompagnement avec des initiatives comme les Ateliers parents-enfants et les Caf\u00e9s parents organis\u00e9s \u00e0 la cr\u00e8che \u00ab\u00a0Les Magnolias\u00a0\u00bb, en pr\u00e9sence de l\u2019association Vivre en famille. Ces moments d\u2019\u00e9change permettent aux familles de partager leurs exp\u00e9riences, de trouver des r\u00e9ponses \u00e0 leurs interrogations et de cr\u00e9er des liens forts au sein de notre commune \u00a0\u00bb.<br class=\"autobr\"\/><br \/>\n\u00ab\u00a0Transition naturelle, c\u2019est donc vers nos enfants et nos jeunes que se tourne d\u00e9sormais notre attention, avec un focus sur l\u2019\u00e9cole et l\u2019\u00e9ducation, piliers fondamentaux de leur avenir \u00a0\u00bb, conclut <strong>Thierry Albertini.<\/strong><\/p>\n<p>Photo de Une \u00a9PRESSE AGENCE<\/p>\n","protected":false},"excerpt":{"rendered":"Avec le dispositif \u00ab\u00a0All\u00f4 Monsieur le Maire\u00a0\u00bb, la Ville met \u00e0 la disposition des Valettois un service d\u2019intervention&hellip;\n","protected":false},"author":2,"featured_media":332514,"comment_status":"","ping_status":"","sticky":false,"template":"","format":"standard","meta":{"footnotes":""},"categories":[9619],"tags":[1111,11,2408,1777,674,1011,27,12,882,25,2310],"class_list":{"0":"post-332513","1":"post","2":"type-post","3":"status-publish","4":"format-standard","5":"has-post-thumbnail","7":"category-toulon","8":"tag-actu","9":"tag-actualites","10":"tag-appels-d","11":"tag-eu","12":"tag-europe","13":"tag-fr","14":"tag-france","15":"tag-news","16":"tag-provence-alpes-cote-dazur","17":"tag-republique-francaise","18":"tag-toulon"},"share_on_mastodon":{"url":"https:\/\/pubeurope.com\/@fr\/115063334123898445","error":""},"_links":{"self":[{"href":"https:\/\/www.europesays.com\/fr\/wp-json\/wp\/v2\/posts\/332513","targetHints":{"allow":["GET"]}}],"collection":[{"href":"https:\/\/www.europesays.com\/fr\/wp-json\/wp\/v2\/posts"}],"about":[{"href":"https:\/\/www.europesays.com\/fr\/wp-json\/wp\/v2\/types\/post"}],"author":[{"embeddable":true,"href":"https:\/\/www.europesays.com\/fr\/wp-json\/wp\/v2\/users\/2"}],"replies":[{"embeddable":true,"href":"https:\/\/www.europesays.com\/fr\/wp-json\/wp\/v2\/comments?post=332513"}],"version-history":[{"count":0,"href":"https:\/\/www.europesays.com\/fr\/wp-json\/wp\/v2\/posts\/332513\/revisions"}],"wp:featuredmedia":[{"embeddable":true,"href":"https:\/\/www.europesays.com\/fr\/wp-json\/wp\/v2\/media\/332514"}],"wp:attachment":[{"href":"https:\/\/www.europesays.com\/fr\/wp-json\/wp\/v2\/media?parent=332513"}],"wp:term":[{"taxonomy":"category","embeddable":true,"href":"https:\/\/www.europesays.com\/fr\/wp-json\/wp\/v2\/categories?post=332513"},{"taxonomy":"post_tag","embeddable":true,"href":"https:\/\/www.europesays.com\/fr\/wp-json\/wp\/v2\/tags?post=332513"}],"curies":[{"name":"wp","href":"https:\/\/api.w.org\/{rel}","templated":true}]}}