{"id":332515,"date":"2025-08-20T21:58:14","date_gmt":"2025-08-20T21:58:14","guid":{"rendered":"https:\/\/www.europesays.com\/fr\/332515\/"},"modified":"2025-08-20T21:58:14","modified_gmt":"2025-08-20T21:58:14","slug":"toulon-celebre-les-50-ans-de-sa-braderie","status":"publish","type":"post","link":"https:\/\/www.europesays.com\/fr\/332515\/","title":{"rendered":"Toulon c\u00e9l\u00e8bre les 50 ans de sa braderie"},"content":{"rendered":"<p>Du jeudi 21 au samedi 23 ao\u00fbt, le centre-ville de Toulon accueille la 50e \u00e9dition de sa braderie. Trois jours de bonnes affaires, d\u2019animations et de f\u00eate pour marquer la fin de l\u2019\u00e9t\u00e9.<\/p>\n<p>Depuis un demi-si\u00e8cle, la braderie rythme la fin du mois d\u2019ao\u00fbt \u00e0 Toulon. Chaque ann\u00e9e, <strong>des dizaines de milliers de personnes<\/strong> se pressent \u00e0 la braderie, une occasion id\u00e9ale pour pr\u00e9parer la rentr\u00e9e tout en profitant d\u2019un moment convivial en famille.<\/p>\n<p>Pour Boris Touaty, pr\u00e9sident des commer\u00e7ants du centre-ville, \u00ab\u00a0c\u2019est vraiment <strong>ancr\u00e9 dans la tradition<\/strong>. On trouve chaque ann\u00e9e ces familles qui viennent avant la rentr\u00e9e. La braderie, c\u2019est quand m\u00eame un moment tr\u00e8s important\u00a0\u00bb.<\/p>\n<p>Des centaines d\u2019exposants et des prix cass\u00e9s<\/p>\n<p>Cette \u00e9dition rassemble <strong>175 exposants, dont 150 commer\u00e7ants locaux<\/strong> et 25 forains. Les visiteurs pourront profiter de rabais allant \u00ab\u00a0jusqu\u2019\u00e0 -50%, -60%, -70%, voire plus\u00a0\u00bb, rappelle Boris Touaty. De l\u2019habillement \u00e0 la d\u00e9coration, en passant par l\u2019ameublement ou les produits locaux, l\u2019\u00e9v\u00e9nement permet de trouver bien plus que des v\u00eatements.<\/p>\n<p>\u00ab\u00a0La braderie, ce n\u2019est pas que l\u2019habillement, c\u2019est tout le commerce\u00a0\u00bb, souligne-t-il.<\/p>\n<p>Des animations dans le centre-ville<\/p>\n<p>Pour marquer ce 50e anniversaire, la Ville installe le <strong>Pavillon 50e<\/strong> place de la Cath\u00e9drale. Un espace \u00e9ph\u00e9m\u00e8re accueillera ateliers cr\u00e9atifs, \u00ab\u00a0tote-bag personnalis\u00e9\u00a0\u00bb, bulles g\u00e9antes, bar \u00e0 sirops et distribution de goodies. Des parades musicales animeront \u00e9galement les rues \u00e0 chaque demi-journ\u00e9e.<\/p>\n<p>\u00ab\u00a0Au-del\u00e0 d\u2019un \u00e9v\u00e9nement commercial, c\u2019est <strong>la grande f\u00eate de fin d\u2019\u00e9t\u00e9<\/strong>\u00a0\u00bb\u00a0insiste Boris Touaty.<\/p>\n<p>Infos pratiques<\/p>\n<p>La braderie se d\u00e9roule \u00ab\u00a0\u00e0 l\u2019int\u00e9rieur de la zone pi\u00e9tonne d\u00e9limit\u00e9e par les bornes r\u00e9tractables\u00a0\u00bb.<\/p>\n<ul>\n<li>Ouverture au public\u00a0: de 10h \u00e0 19h.<\/li>\n<li>Interdiction de circuler\u00a0: d\u00e8s 8h30 dans le p\u00e9rim\u00e8tre.<\/li>\n<li>Livraisons autoris\u00e9es\u00a0: de 5h30 \u00e0 7h30.<\/li>\n<li>Acc\u00e8s interdit aux v\u00e9hicules, y compris riverains, entre 7h30 et 19h.<\/li>\n<\/ul>\n","protected":false},"excerpt":{"rendered":"Du jeudi 21 au samedi 23 ao\u00fbt, le centre-ville de Toulon accueille la 50e \u00e9dition de sa braderie.&hellip;\n","protected":false},"author":2,"featured_media":332516,"comment_status":"","ping_status":"","sticky":false,"template":"","format":"standard","meta":{"footnotes":""},"categories":[9619],"tags":[1111,11,1777,674,1011,27,12,882,25,2310],"class_list":{"0":"post-332515","1":"post","2":"type-post","3":"status-publish","4":"format-standard","5":"has-post-thumbnail","7":"category-toulon","8":"tag-actu","9":"tag-actualites","10":"tag-eu","11":"tag-europe","12":"tag-fr","13":"tag-france","14":"tag-news","15":"tag-provence-alpes-cote-dazur","16":"tag-republique-francaise","17":"tag-toulon"},"share_on_mastodon":{"url":"https:\/\/pubeurope.com\/@fr\/115063337986195475","error":""},"_links":{"self":[{"href":"https:\/\/www.europesays.com\/fr\/wp-json\/wp\/v2\/posts\/332515","targetHints":{"allow":["GET"]}}],"collection":[{"href":"https:\/\/www.europesays.com\/fr\/wp-json\/wp\/v2\/posts"}],"about":[{"href":"https:\/\/www.europesays.com\/fr\/wp-json\/wp\/v2\/types\/post"}],"author":[{"embeddable":true,"href":"https:\/\/www.europesays.com\/fr\/wp-json\/wp\/v2\/users\/2"}],"replies":[{"embeddable":true,"href":"https:\/\/www.europesays.com\/fr\/wp-json\/wp\/v2\/comments?post=332515"}],"version-history":[{"count":0,"href":"https:\/\/www.europesays.com\/fr\/wp-json\/wp\/v2\/posts\/332515\/revisions"}],"wp:featuredmedia":[{"embeddable":true,"href":"https:\/\/www.europesays.com\/fr\/wp-json\/wp\/v2\/media\/332516"}],"wp:attachment":[{"href":"https:\/\/www.europesays.com\/fr\/wp-json\/wp\/v2\/media?parent=332515"}],"wp:term":[{"taxonomy":"category","embeddable":true,"href":"https:\/\/www.europesays.com\/fr\/wp-json\/wp\/v2\/categories?post=332515"},{"taxonomy":"post_tag","embeddable":true,"href":"https:\/\/www.europesays.com\/fr\/wp-json\/wp\/v2\/tags?post=332515"}],"curies":[{"name":"wp","href":"https:\/\/api.w.org\/{rel}","templated":true}]}}