{"id":332517,"date":"2025-08-20T21:59:19","date_gmt":"2025-08-20T21:59:19","guid":{"rendered":"https:\/\/www.europesays.com\/fr\/332517\/"},"modified":"2025-08-20T21:59:19","modified_gmt":"2025-08-20T21:59:19","slug":"christine-aussillous-ouvre-la-saison-des-expositions","status":"publish","type":"post","link":"https:\/\/www.europesays.com\/fr\/332517\/","title":{"rendered":"Christine Aussillous ouvre la saison des expositions"},"content":{"rendered":"<p>Apr\u00e8s une pause estivale, c\u2019est le retour des expositions mensuelles \u00e0 la Maison des Arts Max-Castan. Du 4 au 30\u00a0septembre, c\u2019est l\u2019artiste montpelli\u00e9raine Christine Aussillous qui investira les lieux avec son exposition \u00c9clats d\u2019\u00e2mes.<\/p>\n<p>Autodidacte, elle peint depuis pr\u00e8s de trente ans<\/p>\n<p>Pass\u00e9e de l\u2019aquarelle \u00e0 l\u2019huile, puis \u00e0 l\u2019acrylique, elle explore aujourd\u2019hui diverses techniques de relief, m\u00ealant collages, impressions et textures pour enrichir ses \u0153uvres.<\/p>\n<p>Ses toiles, d\u00e9j\u00e0 pr\u00e9sent\u00e9es dans la r\u00e9gion montpelli\u00e9raine, biterroise et jusqu\u2019en Aveyron, se concentrent sur ce qui, pour elle, est l\u2019essence m\u00eame de l\u2019art\u00a0: l\u2019\u00e9motion. \u00ab\u00a0Je recherche l\u2019\u00e9motion qu\u2019il y a dans les regards et les ambiances. Je m\u2019int\u00e9resse plus \u00e0 l\u2019\u00e9motion qu\u2019au sujet lui-m\u00eame, d\u2019o\u00f9 \u00ab\u00a0\u00c9clats d\u2019\u00e2mes\u00a0\u00bb\u00a0\u00bb, explique l\u2019artiste.<\/p>\n<p>Pr\u00e8s de 30 \u0153uvres seront expos\u00e9es. On y trouvera beaucoup de portraits mais aussi des portes, des lits\u2026 Des lieux habit\u00e9s par une atmosph\u00e8re singuli\u00e8re.<\/p>\n<p>Le vernissage aura lieu le jeudi 4\u00a0septembre \u00e0 19\u00a0h, un moment privil\u00e9gi\u00e9 pour rencontrer l\u2019artiste et plonger dans son univers.<\/p>\n<p>Maison des arts, rue Alphonse-Daudet.<\/p>\n<p>Correspondante Midi Libre \u2013 06\u00a087\u00a026\u00a078\u00a053<\/p>\n","protected":false},"excerpt":{"rendered":"Apr\u00e8s une pause estivale, c\u2019est le retour des expositions mensuelles \u00e0 la Maison des Arts Max-Castan. Du 4&hellip;\n","protected":false},"author":2,"featured_media":332518,"comment_status":"","ping_status":"","sticky":false,"template":"","format":"standard","meta":{"footnotes":""},"categories":[9599],"tags":[1111,11,1777,674,1011,27,2208,12,2680,25],"class_list":{"0":"post-332517","1":"post","2":"type-post","3":"status-publish","4":"format-standard","5":"has-post-thumbnail","7":"category-montpellier","8":"tag-actu","9":"tag-actualites","10":"tag-eu","11":"tag-europe","12":"tag-fr","13":"tag-france","14":"tag-montpellier","15":"tag-news","16":"tag-occitanie","17":"tag-republique-francaise"},"share_on_mastodon":{"url":"https:\/\/pubeurope.com\/@fr\/115063341993844130","error":""},"_links":{"self":[{"href":"https:\/\/www.europesays.com\/fr\/wp-json\/wp\/v2\/posts\/332517","targetHints":{"allow":["GET"]}}],"collection":[{"href":"https:\/\/www.europesays.com\/fr\/wp-json\/wp\/v2\/posts"}],"about":[{"href":"https:\/\/www.europesays.com\/fr\/wp-json\/wp\/v2\/types\/post"}],"author":[{"embeddable":true,"href":"https:\/\/www.europesays.com\/fr\/wp-json\/wp\/v2\/users\/2"}],"replies":[{"embeddable":true,"href":"https:\/\/www.europesays.com\/fr\/wp-json\/wp\/v2\/comments?post=332517"}],"version-history":[{"count":0,"href":"https:\/\/www.europesays.com\/fr\/wp-json\/wp\/v2\/posts\/332517\/revisions"}],"wp:featuredmedia":[{"embeddable":true,"href":"https:\/\/www.europesays.com\/fr\/wp-json\/wp\/v2\/media\/332518"}],"wp:attachment":[{"href":"https:\/\/www.europesays.com\/fr\/wp-json\/wp\/v2\/media?parent=332517"}],"wp:term":[{"taxonomy":"category","embeddable":true,"href":"https:\/\/www.europesays.com\/fr\/wp-json\/wp\/v2\/categories?post=332517"},{"taxonomy":"post_tag","embeddable":true,"href":"https:\/\/www.europesays.com\/fr\/wp-json\/wp\/v2\/tags?post=332517"}],"curies":[{"name":"wp","href":"https:\/\/api.w.org\/{rel}","templated":true}]}}