{"id":332519,"date":"2025-08-20T22:00:24","date_gmt":"2025-08-20T22:00:24","guid":{"rendered":"https:\/\/www.europesays.com\/fr\/332519\/"},"modified":"2025-08-20T22:00:24","modified_gmt":"2025-08-20T22:00:24","slug":"montpellier-un-acteur-dune-celebre-serie-tele-victime-dun-vol-a-larrache-en-sortant-du-tramway","status":"publish","type":"post","link":"https:\/\/www.europesays.com\/fr\/332519\/","title":{"rendered":"Montpellier : un acteur d&rsquo;une c\u00e9l\u00e8bre s\u00e9ri\u00e9 t\u00e9l\u00e9 victime d\u2019un vol \u00e0 l\u2019arrach\u00e9 en sortant du tramway"},"content":{"rendered":"<p>Alors qu\u2019il descendait \u00e0 l\u2019arr\u00eat Restanque, l\u2019acteur, a \u00e9t\u00e9 approch\u00e9 par deux individus \u00e2g\u00e9s d\u2019une trentaine d\u2019ann\u00e9es. L\u2019un lui demande son chemin pour se rendre au stade Philippid\u00e8s tout en lui passant le bras autour de l\u2019\u00e9paule pour faire diversion. L\u2019un des hommes lui a ensuite demand\u00e9 s\u2019il savait boxer, avant de simuler une chamaillerie en le frappant l\u00e9g\u00e8rement.<\/p>\n","protected":false},"excerpt":{"rendered":"Alors qu\u2019il descendait \u00e0 l\u2019arr\u00eat Restanque, l\u2019acteur, a \u00e9t\u00e9 approch\u00e9 par deux individus \u00e2g\u00e9s d\u2019une trentaine d\u2019ann\u00e9es. L\u2019un&hellip;\n","protected":false},"author":2,"featured_media":332520,"comment_status":"","ping_status":"","sticky":false,"template":"","format":"standard","meta":{"footnotes":""},"categories":[9599],"tags":[1111,11,1777,674,1011,27,2208,12,2680,25],"class_list":{"0":"post-332519","1":"post","2":"type-post","3":"status-publish","4":"format-standard","5":"has-post-thumbnail","7":"category-montpellier","8":"tag-actu","9":"tag-actualites","10":"tag-eu","11":"tag-europe","12":"tag-fr","13":"tag-france","14":"tag-montpellier","15":"tag-news","16":"tag-occitanie","17":"tag-republique-francaise"},"share_on_mastodon":{"url":"https:\/\/pubeurope.com\/@fr\/115063345839518434","error":""},"_links":{"self":[{"href":"https:\/\/www.europesays.com\/fr\/wp-json\/wp\/v2\/posts\/332519","targetHints":{"allow":["GET"]}}],"collection":[{"href":"https:\/\/www.europesays.com\/fr\/wp-json\/wp\/v2\/posts"}],"about":[{"href":"https:\/\/www.europesays.com\/fr\/wp-json\/wp\/v2\/types\/post"}],"author":[{"embeddable":true,"href":"https:\/\/www.europesays.com\/fr\/wp-json\/wp\/v2\/users\/2"}],"replies":[{"embeddable":true,"href":"https:\/\/www.europesays.com\/fr\/wp-json\/wp\/v2\/comments?post=332519"}],"version-history":[{"count":0,"href":"https:\/\/www.europesays.com\/fr\/wp-json\/wp\/v2\/posts\/332519\/revisions"}],"wp:featuredmedia":[{"embeddable":true,"href":"https:\/\/www.europesays.com\/fr\/wp-json\/wp\/v2\/media\/332520"}],"wp:attachment":[{"href":"https:\/\/www.europesays.com\/fr\/wp-json\/wp\/v2\/media?parent=332519"}],"wp:term":[{"taxonomy":"category","embeddable":true,"href":"https:\/\/www.europesays.com\/fr\/wp-json\/wp\/v2\/categories?post=332519"},{"taxonomy":"post_tag","embeddable":true,"href":"https:\/\/www.europesays.com\/fr\/wp-json\/wp\/v2\/tags?post=332519"}],"curies":[{"name":"wp","href":"https:\/\/api.w.org\/{rel}","templated":true}]}}