{"id":332521,"date":"2025-08-20T22:05:32","date_gmt":"2025-08-20T22:05:32","guid":{"rendered":"https:\/\/www.europesays.com\/fr\/332521\/"},"modified":"2025-08-20T22:05:32","modified_gmt":"2025-08-20T22:05:32","slug":"envie-de-bouger-a-grenoble-ce-week-end-22-24-aout-voici-5-idees-de-sorties","status":"publish","type":"post","link":"https:\/\/www.europesays.com\/fr\/332521\/","title":{"rendered":"Envie de bouger \u00e0 Grenoble ce week-end (22-24 ao\u00fbt) ? Voici 5 id\u00e9es de sorties"},"content":{"rendered":"<p class=\"intro\">Ah, le week-end arrive enfin\u00a0! Et avec lui, cette \u00e9ternelle question\u00a0: que faire pour \u00e9chapper \u00e0 la monotonie du canap\u00e9\u00a0? Du 22 au 24 ao\u00fbt, la r\u00e9gion grenobloise vous propose un cocktail savoureux d&rsquo;attractions familiales, de spectacles hilarants et de march\u00e9s authentiques. Que vous soyez plut\u00f4t sensations fortes, th\u00e9\u00e2tre intimiste ou fl\u00e2nerie gourmande, votre bonheur se cache quelque part dans cette s\u00e9lection. Alors, pr\u00eats \u00e0 sortir de votre zone de confort\u00a0?<\/p>\n<p class=\"mise_en_avant\"><strong>Pr\u00e9visions m\u00e9t\u00e9o ce week-end\u00a0:<\/strong> entre l\u00e9g\u00e8res averses vendredi (22\u00b0C) et dimanche (31\u00b0C), le samedi vous offre un r\u00e9pit ensoleill\u00e9 \u00e0 26\u00b0C, parfait pour profiter des activit\u00e9s ext\u00e9rieures.<\/p>\n<p>1\/ Walibi Rh\u00f4ne-Alpes &#8211; Billet Libert\u00e9\u00a0: sensations garanties<\/p>\n<p>Envie de hurler de plaisir\u00a0? Le <a href=\"https:\/\/www.jds.fr\/manifestations\/walibi-rhone-alpes-billet-liberte-989553_A\" rel=\"nofollow noopener\" target=\"_blank\">Walibi Rh\u00f4ne-Alpes aux Aveni\u00e8res Veyrins-Thuellin<\/a> vous attend avec ses 34 attractions r\u00e9parties dans trois univers immersifs. \ud83c\udfa2 De l&rsquo;aventure western d&rsquo;Explorer Adventure aux frissons vaudou de Festival City, en passant par l&rsquo;exotisme rafra\u00eechissant d&rsquo;Exotic Island, le parc promet 1h45 d&rsquo;\u00e9motions pures. Un choix \u00e9vident pour ceux qui consid\u00e8rent que les montagnes russes sont un excellent substitut au caf\u00e9 matinal.<\/p>\n<p>\ud83d\udca1 <strong>Notre conseil\u00a0:<\/strong> Profitez du samedi ensoleill\u00e9 pour maximiser votre exp\u00e9rience outdoor, et n&rsquo;oubliez pas de t\u00e9l\u00e9charger l&rsquo;app du parc pour \u00e9viter les files d&rsquo;attente.<\/p>\n<p>\ud83d\udccd Walibi Rh\u00f4ne-Alpes | Les Aveni\u00e8res Veyrins-Thuellin<br \/>\ud83d\udcc5 Jusqu&rsquo;au 04\/01\/2026<\/p>\n<p class=\"mise_en_avant\">\ud83d\udc49 <a href=\"https:\/\/www.jds.fr\/manifestations\/walibi-rhone-alpes-billet-liberte-989553_A\" rel=\"nofollow noopener\" target=\"_blank\">Walibi Rh\u00f4ne-Alpes &#8211; Billet Libert\u00e9\u00a0: toutes les informations<\/a><\/p>\n<p><a class=\"btn btn-lg shadow-lg btn-primary rounded-pill fnac_link\" data-fnac=\"in_article\" href=\"https:\/\/www.awin1.com\/pclick.php?p=39339198074&amp;a=634278&amp;m=12494&amp;clickref=in_article-A-desktop\" target=\"_blank\" rel=\"nofollow noopener\"> Acheter des billets<\/a><\/p>\n<p>2\/ Les Langages de l&rsquo;Amour &#8211; Com\u00e9die de Grenoble\u00a0: th\u00e9rapie par le rire<\/p>\n<p>Parce que l&rsquo;amour, c&rsquo;est compliqu\u00e9 (merci Captain Obvious\u00a0!), la <a href=\"https:\/\/www.jds.fr\/grenoble\/spectacles\/humour\/les-langages-de-l-amour-comedie-de-grenoble-922179_A\" rel=\"nofollow noopener\" target=\"_blank\">com\u00e9die\u00a0\u00ab\u00a0Les Langages de l&rsquo;Amour\u00a0\u00bb \u00e0 Grenoble<\/a> d\u00e9cortique avec humour les gal\u00e8res du couple Claire et Julien. \ud83d\udc95 Entre compliments rat\u00e9s, cadeaux douteux et c\u00e2lins g\u00eanants, cette pi\u00e8ce hilarante transforme les quiproquos amoureux en moments de pure jouissance comique. Une s\u00e9lection parfaite pour rire de nos propres relations tout en se sentant moins seuls dans nos maladresses sentimentales.<\/p>\n<p>\ud83d\udca1 <strong>Notre conseil\u00a0:<\/strong> Venez en couple pour une s\u00e9ance d&rsquo;auto-d\u00e9rision th\u00e9rapeutique, ou entre amis pour comparer vos anecdotes amoureuses apr\u00e8s le spectacle.<\/p>\n<p>\ud83d\udccd Com\u00e9die de Grenoble | Grenoble<br \/>\ud83d\udcc5 Du 21\/08\/2025 au 03\/12\/2025<\/p>\n<p class=\"mise_en_avant\">\ud83d\udc49 <a href=\"https:\/\/www.jds.fr\/grenoble\/spectacles\/humour\/les-langages-de-l-amour-comedie-de-grenoble-922179_A\" rel=\"nofollow noopener\" target=\"_blank\">Les Langages de l&rsquo;Amour &#8211; Com\u00e9die de Grenoble\u00a0: toutes les informations<\/a><\/p>\n<p><a class=\"btn btn-lg shadow-lg btn-primary rounded-pill fnac_link\" data-fnac=\"in_article\" href=\"https:\/\/www.awin1.com\/pclick.php?p=41399303101&amp;a=634278&amp;m=12494&amp;clickref=in_article-A-desktop\" target=\"_blank\" rel=\"nofollow noopener\"> Acheter des billets<\/a><\/p>\n<p>3\/ Cirque Adriana Zavatta\u00a0: la magie sous chapiteau<\/p>\n<p>Direction Villard-de-Lans pour d\u00e9couvrir le <a href=\"https:\/\/www.jds.fr\/grenoble\/spectacles\/cirque\/cirque-adriana-zavatta-1112192_A\" rel=\"nofollow noopener\" target=\"_blank\">Cirque Adriana Zavatta<\/a> qui pose ses valises au stade des Geymonds. \ud83c\udfaa Sous son chapiteau climatis\u00e9 (ah, le confort moderne\u00a0!), ce nouveau programme 2025 promet 1h45 d&rsquo;\u00e9motions familiales avec des repr\u00e9sentations les vendredis et samedis \u00e0 16h. Une tradition circassienne qui r\u00e9siste vaillamment \u00e0 l&rsquo;\u00e8re du Netflix, et c&rsquo;est tant mieux\u00a0!<\/p>\n<p>\ud83d\udca1 <strong>Notre conseil\u00a0:<\/strong> Arrivez 20 minutes avant le spectacle pour choisir vos places et profiter de la petite restauration sur place. L&rsquo;ambiance pr\u00e9-spectacle fait partie du charme.<\/p>\n<p>\ud83d\udccd Stade de Foot Les Geymonds | Villard-de-Lans<br \/>\ud83d\udcc5 Jusqu&rsquo;au 30\/08\/2025<\/p>\n<p class=\"mise_en_avant\">\ud83d\udc49 <a href=\"https:\/\/www.jds.fr\/grenoble\/spectacles\/cirque\/cirque-adriana-zavatta-1112192_A\" rel=\"nofollow noopener\" target=\"_blank\">Cirque Adriana Zavatta\u00a0: toutes les informations<\/a><\/p>\n<p><a data-lightbox=\"article\" data-title=\" \u00a9 Cirque Adriana Zavatta\" class=\"image detail fullwidth\" href=\"https:\/\/www.jds.fr\/medias\/image\/0.88389500-1753947954-686243-1200-0-F.webp\" title=\" \u00a9 Cirque Adriana Zavatta\" rel=\"nofollow noopener\" target=\"_blank\"><br \/>\n<img decoding=\"async\" loading=\"lazy\" src=\"https:\/\/www.europesays.com\/fr\/wp-content\/uploads\/2025\/08\/0.88389500-1753947954-686243-1200-0.webp.webp\"   alt=\"Cirque Adriana Zavatta\" class=\"shortcode_image border\"\/><br \/>\n\u00a9 Cirque Adriana Zavatta<br \/>\n<\/a>\n<\/p>\n<p>4\/ Les p&rsquo;tits march\u00e9s de l&rsquo;\u00e9t\u00e9 au chardon bleu\u00a0: shopping de montagne<\/p>\n<p>Pour une dose d&rsquo;authenticit\u00e9 locale, rendez-vous au <a href=\"https:\/\/www.jds.fr\/foires-et-salons\/marches\/les-p-tits-marches-de-l-ete-au-chardon-bleu-1053868_A\" rel=\"nofollow noopener\" target=\"_blank\">march\u00e9 estival de La Morte<\/a> sur le parking du Chardon Bleu. \ud83d\udecd\ufe0f L&rsquo;occasion parfaite de d\u00e9nicher des souvenirs locaux et de faire quelques emplettes plaisir aupr\u00e8s des exposants pr\u00e9sents. Une s\u00e9lection id\u00e9ale pour ceux qui pr\u00e9f\u00e8rent le contact humain aux algorithmes de recommandation des plateformes en ligne.<\/p>\n<p>\ud83d\udca1 <strong>Notre conseil\u00a0:<\/strong> Profitez-en pour discuter avec les producteurs locaux, leurs histoires valent souvent tous les guides touristiques du monde.<\/p>\n<p>\ud83d\udccd Parking du Chardon Bleu<br \/>\nRoute de la mure | La Morte<br \/>\ud83d\udcc5 Le 22\/08\/2025<\/p>\n<p class=\"mise_en_avant\">\ud83d\udc49 <a href=\"https:\/\/www.jds.fr\/foires-et-salons\/marches\/les-p-tits-marches-de-l-ete-au-chardon-bleu-1053868_A\" rel=\"nofollow noopener\" target=\"_blank\">Les p&rsquo;tits march\u00e9s de l&rsquo;\u00e9t\u00e9 au chardon bleu\u00a0: toutes les informations<\/a><\/p>\n<p>5\/ March\u00e9 de l&rsquo;Alpe d&rsquo;Huez\u00a0: saveurs d&rsquo;altitude<\/p>\n<p>L&rsquo;incontournable <a href=\"https:\/\/www.jds.fr\/foires-et-salons\/marches\/marche-de-l-alpe-d-huez-957628_A\" rel=\"nofollow noopener\" target=\"_blank\">march\u00e9 de l&rsquo;Alpe d&rsquo;Huez<\/a> vous donne rendez-vous sur le parking de l&rsquo;\u00e9glise Notre-Dame des Neiges. \ud83c\udfd4\ufe0f Tous les vendredis matins, ce march\u00e9 estival d\u00e9ploie ses couleurs et saveurs locales dans un cadre montagnard exceptionnel. Un choix \u00e9vident pour allier d\u00e9couverte gustative et panorama \u00e9poustouflant, histoire de prouver qu&rsquo;on peut faire ses courses avec classe\u00a0!<\/p>\n<p>\ud83d\udca1 <strong>Notre conseil\u00a0:<\/strong> Venez t\u00f4t le matin pour profiter des meilleurs produits et de la fra\u00eecheur matinale, puis prolongez par une balade digestive dans la station.<\/p>\n<p>\ud83d\udccd Chemin de la Chapelle<br \/>\nParking de l&rsquo;\u00e9glise Notre Dame des Neiges | Huez<br \/>\ud83d\udcc5 Du 22\/08\/2025 au 29\/08\/2025<\/p>\n<p class=\"mise_en_avant\">\ud83d\udc49 <a href=\"https:\/\/www.jds.fr\/foires-et-salons\/marches\/marche-de-l-alpe-d-huez-957628_A\" rel=\"nofollow noopener\" target=\"_blank\">March\u00e9 de l&rsquo;Alpe d&rsquo;Huez\u00a0: toutes les informations<\/a><\/p>\n<p>Date de publication : le 20\/08\/2025.<\/p>\n<p class=\"font-size-30 fw-bold lh-1 mt-0 mb-4\">Je trouve les meilleures sorties dans ma ville<\/p>\n","protected":false},"excerpt":{"rendered":"Ah, le week-end arrive enfin\u00a0! Et avec lui, cette \u00e9ternelle question\u00a0: que faire pour \u00e9chapper \u00e0 la monotonie&hellip;\n","protected":false},"author":2,"featured_media":332522,"comment_status":"","ping_status":"","sticky":false,"template":"","format":"standard","meta":{"footnotes":""},"categories":[9566],"tags":[1111,11,2430,1777,674,1011,27,2731,12,25],"class_list":{"0":"post-332521","1":"post","2":"type-post","3":"status-publish","4":"format-standard","5":"has-post-thumbnail","7":"category-grenoble","8":"tag-actu","9":"tag-actualites","10":"tag-auvergne-rhone-alpes","11":"tag-eu","12":"tag-europe","13":"tag-fr","14":"tag-france","15":"tag-grenoble","16":"tag-news","17":"tag-republique-francaise"},"share_on_mastodon":{"url":"https:\/\/pubeurope.com\/@fr\/115063365932654281","error":""},"_links":{"self":[{"href":"https:\/\/www.europesays.com\/fr\/wp-json\/wp\/v2\/posts\/332521","targetHints":{"allow":["GET"]}}],"collection":[{"href":"https:\/\/www.europesays.com\/fr\/wp-json\/wp\/v2\/posts"}],"about":[{"href":"https:\/\/www.europesays.com\/fr\/wp-json\/wp\/v2\/types\/post"}],"author":[{"embeddable":true,"href":"https:\/\/www.europesays.com\/fr\/wp-json\/wp\/v2\/users\/2"}],"replies":[{"embeddable":true,"href":"https:\/\/www.europesays.com\/fr\/wp-json\/wp\/v2\/comments?post=332521"}],"version-history":[{"count":0,"href":"https:\/\/www.europesays.com\/fr\/wp-json\/wp\/v2\/posts\/332521\/revisions"}],"wp:featuredmedia":[{"embeddable":true,"href":"https:\/\/www.europesays.com\/fr\/wp-json\/wp\/v2\/media\/332522"}],"wp:attachment":[{"href":"https:\/\/www.europesays.com\/fr\/wp-json\/wp\/v2\/media?parent=332521"}],"wp:term":[{"taxonomy":"category","embeddable":true,"href":"https:\/\/www.europesays.com\/fr\/wp-json\/wp\/v2\/categories?post=332521"},{"taxonomy":"post_tag","embeddable":true,"href":"https:\/\/www.europesays.com\/fr\/wp-json\/wp\/v2\/tags?post=332521"}],"curies":[{"name":"wp","href":"https:\/\/api.w.org\/{rel}","templated":true}]}}