{"id":332523,"date":"2025-08-20T22:06:26","date_gmt":"2025-08-20T22:06:26","guid":{"rendered":"https:\/\/www.europesays.com\/fr\/332523\/"},"modified":"2025-08-20T22:06:26","modified_gmt":"2025-08-20T22:06:26","slug":"les-inscriptions-sont-ouvertes-pour-ce-vide-greniers-aux-600-exposants","status":"publish","type":"post","link":"https:\/\/www.europesays.com\/fr\/332523\/","title":{"rendered":"les inscriptions sont ouvertes pour ce vide-greniers aux 600 exposants"},"content":{"rendered":"<p>            Par<br \/>\n        <strong><br \/>\n            <a href=\"https:\/\/actu.fr\/auteur\/journaliste-lachronique\" title=\"Consulter tous les articles de R\u00e9daction Foug\u00e8res\" rel=\"nofollow noopener\" target=\"_blank\">R\u00e9daction Foug\u00e8res<\/a><br \/>\n        <\/strong><\/p>\n<p>        Publi\u00e9 le<\/p>\n<p>            20 ao\u00fbt 2025 \u00e0 6h30        <\/p>\n<p>C\u2019est un grand <b>vide-greniers <\/b>qui tiendra sa 28e \u00e9dition \u00e0 <a href=\"https:\/\/actu.fr\/bretagne\/maen-roch_35257\" rel=\"nofollow noopener\" target=\"_blank\">Maen Roch<\/a>, pr\u00e8s de <a href=\"https:\/\/actu.fr\/bretagne\/fougeres_35115\/\" rel=\"nofollow noopener\" target=\"_blank\">Foug\u00e8res<\/a> (Ille-et-Vilaine), le samedi<b> 21\u00a0septembre.<\/b><\/p>\n<p class=\" wall-content\"><b>600\u00a0exposants<\/b> sont en effet attendus dans les rues du <b>centre-ville<\/b> de Saint-Brice-en-Cogl\u00e8s, pour une <b>braderie <\/b>organis\u00e9e par GAB (G\u00e9n\u00e9ration animation bri\u00e7oise). L\u2019\u00e9v\u00e9nement aura lieu de <b>8\u00a0heures \u00e0 18\u00a0heures<\/b> et la participation se fait sur <b>r\u00e9servation<\/b>.<\/p>\n<p class=\" wall-content\">Elle est ouverte aux <b>particuliers <\/b>et professionnels, hors alimentaire.<\/p>\n<p class=\" wall-content\">Les <b>r\u00e9servations <\/b>se font sur le site web de GAB\u2009: <a href=\"http:\/\/www.g-a-b.fr\" rel=\"nofollow noopener\" target=\"_blank\">www.g-a-b.fr<\/a>. Renseignements au\u00a007\u200950\u200944\u200919\u200934.<\/p>\n<p class=\" wall-content\">Personnalisez votre actualit\u00e9 en ajoutant vos villes et m\u00e9dias en favori avec <a href=\"https:\/\/moncompte.actu.fr\" title=\"D\u00e9couvez Mon Actu\" rel=\"nofollow noopener\" data-trk=\"{&quot;cta&quot;:{&quot;action&quot;:&quot;https:\\\/\\\/moncompte.actu.fr&quot;,&quot;category&quot;:&quot;mon compte&quot;,&quot;from&quot;:&quot;article footer&quot;,&quot;name&quot;:&quot;Mon actu&quot;,&quot;type&quot;:&quot;cta&quot;}}\" target=\"_blank\">Mon Actu<\/a>.<\/p>\n","protected":false},"excerpt":{"rendered":"Par R\u00e9daction Foug\u00e8res Publi\u00e9 le 20 ao\u00fbt 2025 \u00e0 6h30 C\u2019est un grand vide-greniers qui tiendra sa 28e&hellip;\n","protected":false},"author":2,"featured_media":332524,"comment_status":"","ping_status":"","sticky":false,"template":"","format":"standard","meta":{"footnotes":""},"categories":[2821],"tags":[1111,11,829,9439,1777,674,1011,27,12,584,25,104,3365],"class_list":{"0":"post-332523","1":"post","2":"type-post","3":"status-publish","4":"format-standard","5":"has-post-thumbnail","7":"category-rennes","8":"tag-actu","9":"tag-actualites","10":"tag-bretagne","11":"tag-bretagne-nord","12":"tag-eu","13":"tag-europe","14":"tag-fr","15":"tag-france","16":"tag-news","17":"tag-rennes","18":"tag-republique-francaise","19":"tag-societe","20":"tag-vide-greniers"},"share_on_mastodon":{"url":"https:\/\/pubeurope.com\/@fr\/115063369517978947","error":""},"_links":{"self":[{"href":"https:\/\/www.europesays.com\/fr\/wp-json\/wp\/v2\/posts\/332523","targetHints":{"allow":["GET"]}}],"collection":[{"href":"https:\/\/www.europesays.com\/fr\/wp-json\/wp\/v2\/posts"}],"about":[{"href":"https:\/\/www.europesays.com\/fr\/wp-json\/wp\/v2\/types\/post"}],"author":[{"embeddable":true,"href":"https:\/\/www.europesays.com\/fr\/wp-json\/wp\/v2\/users\/2"}],"replies":[{"embeddable":true,"href":"https:\/\/www.europesays.com\/fr\/wp-json\/wp\/v2\/comments?post=332523"}],"version-history":[{"count":0,"href":"https:\/\/www.europesays.com\/fr\/wp-json\/wp\/v2\/posts\/332523\/revisions"}],"wp:featuredmedia":[{"embeddable":true,"href":"https:\/\/www.europesays.com\/fr\/wp-json\/wp\/v2\/media\/332524"}],"wp:attachment":[{"href":"https:\/\/www.europesays.com\/fr\/wp-json\/wp\/v2\/media?parent=332523"}],"wp:term":[{"taxonomy":"category","embeddable":true,"href":"https:\/\/www.europesays.com\/fr\/wp-json\/wp\/v2\/categories?post=332523"},{"taxonomy":"post_tag","embeddable":true,"href":"https:\/\/www.europesays.com\/fr\/wp-json\/wp\/v2\/tags?post=332523"}],"curies":[{"name":"wp","href":"https:\/\/api.w.org\/{rel}","templated":true}]}}