{"id":332525,"date":"2025-08-20T22:07:10","date_gmt":"2025-08-20T22:07:10","guid":{"rendered":"https:\/\/www.europesays.com\/fr\/332525\/"},"modified":"2025-08-20T22:07:10","modified_gmt":"2025-08-20T22:07:10","slug":"lajax-demande-un-effort-a-rennes-dans-ce-dossier-xxl","status":"publish","type":"post","link":"https:\/\/www.europesays.com\/fr\/332525\/","title":{"rendered":"L&rsquo;Ajax demande un effort \u00e0 Rennes dans ce dossier XXL"},"content":{"rendered":"<p>              <img decoding=\"async\" src=\"https:\/\/www.europesays.com\/fr\/wp-content\/uploads\/2025\/08\/l-ajax-demande-encore-un-effort-a-rennes-dans-ce-dossier-xxl-iconsport_265885_0048-397541.jpg\" alt=\"L'Ajax demande un effort \u00e0 Rennes dans ce dossier XXL\"\/> <\/p>\n<p class=\"credit\">Icon Sport<\/p>\n<p class=\"the_post_info\">\n            Publi\u00e9 Mercredi 20 Ao\u00fbt 2025 \u00e0 21:20  Dans\u00a0: <a href=\"https:\/\/www.foot01.com\/equipe\/rennes\/\" rel=\"nofollow noopener\" target=\"_blank\">Rennes<\/a>.<br \/>Par <a href=\"https:\/\/www.foot01.com\/author\/53\/\" rel=\"nofollow noopener\" target=\"_blank\">Hadrien Rivayrand<\/a>\n          <\/p>\n<p><strong>Le Stade Rennais fait partie des \u00e9quipes \u00e0 suivre sur cette fin du march\u00e9 des transferts estival. Le club breton se cherche notamment un nouveau joueur offensif et pourrait bien trouver son bonheur aux Pays-Bas.\u00a0<\/strong><\/p>\n<p>Le <a href=\"https:\/\/www.foot01.com\/equipe\/rennes\/\" rel=\"nofollow noopener\" target=\"_blank\">Stade Rennais<\/a> n&rsquo;en a pas encore fini avec son mercato et compte bien frapper quelques coups prochainement. Les Bretons veulent avoir de l&rsquo;ambition en Ligue 1 et pour cela, il faudra faire des efforts financiers. Il se dit depuis quelques heures que les pensionnaires du Roazhon Park ont craqu\u00e9 sur le profil d&rsquo;un international n\u00e9erlandais : Brian Brobbey. L&rsquo;Ajax et le Stade Rennais sont apparemment en discussions actives pour tenter de trouver un terrain d&rsquo;entente. Et un accord ne serait plus tr\u00e8s loin entre toutes les parties concern\u00e9es.<\/p>\n<p>Le Stade Rennais sait \u00e0 quoi s&rsquo;en tenir\u00a0<\/p>\n<blockquote class=\"instagram-media\" data-instgrm-captioned=\"\" data-instgrm-permalink=\"https:\/\/www.instagram.com\/p\/DLYBUwbgqVX\/?utm_source=ig_embed&amp;utm_campaign=loading\" data-instgrm-version=\"14\" style=\"background: #FFF; border: 0; border-radius: 3px; box-shadow: 0 0 1px 0 rgba(0,0,0,0.5),0 1px 10px 0 rgba(0,0,0,0.15); margin: 1px; max-width: 540px; min-width: 326px; padding: 0; width: calc(100% - 2px);\"><p>&#13;<br \/>\n&#13;\n<\/p><\/blockquote>\n<p>D&rsquo;apr\u00e8s De Telegraaf, le club de la capitale n\u00e9erlandaise r\u00e9clame pr\u00e8s de 25 millions d&rsquo;euros \u00e0 Rennes, avec un pourcentage \u00e0 la revente, pour l\u00e2cher son joueur de 23 ans. L&rsquo;Ajax veut notamment profiter de la somme per\u00e7ue pour la r\u00e9investir sur un milieu de terrain d\u00e9fensif. A noter que si les Bataves esp\u00e8rent une vente d\u00e9finitive en cas de d\u00e9part de Brian Brobbey, un pr\u00eat n&rsquo;est pas \u00e0 exclure. Les prochaines heures seront d\u00e9cisives dans ce dossier et le Stade Rennais est d\u00e9sormais fix\u00e9. En France, Brobbey pourrait se relancer apr\u00e8s une saison derni\u00e8re d\u00e9cevante (7 buts inscrits seulement toutes comp\u00e9titions confondues). Habib Beye cherche des joueurs motiv\u00e9s pour progresser au plus haut niveau. Les Bretons se sont en plus s\u00e9par\u00e9s cet \u00e9t\u00e9 de pas mal de joueurs, avec le dernier d\u00e9part notable en attaque d&rsquo;Arnaud Kalimuendo \u00e0 Nottingham Forest. Il y a donc de la place \u00e0 prendre en Bretagne et Brobbey le sait certainement.\u00a0<\/p>\n<p>\u00a0<\/p>\n<p>      <script async src=\"\/\/www.instagram.com\/embed.js\"><\/script><\/p>\n","protected":false},"excerpt":{"rendered":"Icon Sport Publi\u00e9 Mercredi 20 Ao\u00fbt 2025 \u00e0 21:20 Dans\u00a0: Rennes.Par Hadrien Rivayrand Le Stade Rennais fait partie&hellip;\n","protected":false},"author":2,"featured_media":332526,"comment_status":"","ping_status":"","sticky":false,"template":"","format":"standard","meta":{"footnotes":""},"categories":[2821],"tags":[1111,11,829,1777,674,1011,27,12,584,25],"class_list":{"0":"post-332525","1":"post","2":"type-post","3":"status-publish","4":"format-standard","5":"has-post-thumbnail","7":"category-rennes","8":"tag-actu","9":"tag-actualites","10":"tag-bretagne","11":"tag-eu","12":"tag-europe","13":"tag-fr","14":"tag-france","15":"tag-news","16":"tag-rennes","17":"tag-republique-francaise"},"share_on_mastodon":{"url":"https:\/\/pubeurope.com\/@fr\/115063374302934156","error":""},"_links":{"self":[{"href":"https:\/\/www.europesays.com\/fr\/wp-json\/wp\/v2\/posts\/332525","targetHints":{"allow":["GET"]}}],"collection":[{"href":"https:\/\/www.europesays.com\/fr\/wp-json\/wp\/v2\/posts"}],"about":[{"href":"https:\/\/www.europesays.com\/fr\/wp-json\/wp\/v2\/types\/post"}],"author":[{"embeddable":true,"href":"https:\/\/www.europesays.com\/fr\/wp-json\/wp\/v2\/users\/2"}],"replies":[{"embeddable":true,"href":"https:\/\/www.europesays.com\/fr\/wp-json\/wp\/v2\/comments?post=332525"}],"version-history":[{"count":0,"href":"https:\/\/www.europesays.com\/fr\/wp-json\/wp\/v2\/posts\/332525\/revisions"}],"wp:featuredmedia":[{"embeddable":true,"href":"https:\/\/www.europesays.com\/fr\/wp-json\/wp\/v2\/media\/332526"}],"wp:attachment":[{"href":"https:\/\/www.europesays.com\/fr\/wp-json\/wp\/v2\/media?parent=332525"}],"wp:term":[{"taxonomy":"category","embeddable":true,"href":"https:\/\/www.europesays.com\/fr\/wp-json\/wp\/v2\/categories?post=332525"},{"taxonomy":"post_tag","embeddable":true,"href":"https:\/\/www.europesays.com\/fr\/wp-json\/wp\/v2\/tags?post=332525"}],"curies":[{"name":"wp","href":"https:\/\/api.w.org\/{rel}","templated":true}]}}