{"id":332529,"date":"2025-08-20T22:09:14","date_gmt":"2025-08-20T22:09:14","guid":{"rendered":"https:\/\/www.europesays.com\/fr\/332529\/"},"modified":"2025-08-20T22:09:14","modified_gmt":"2025-08-20T22:09:14","slug":"ce-sont-les-favoris-a-la-4e-place-de-ligue-1-acherchour-ravis-de-larrivee-denciso","status":"publish","type":"post","link":"https:\/\/www.europesays.com\/fr\/332529\/","title":{"rendered":"\u201cCe sont les favoris \u00e0 la 4e place de Ligue 1\u201d, Acherchour ravis de l\u2019arriv\u00e9e d\u2019Enciso"},"content":{"rendered":"<p>Strasbourg : \u201cCe sont les favoris \u00e0 la 4e place de Ligue 1\u201d, Acherchour ravis de l\u2019arriv\u00e9e d\u2019Enciso Sur le m\u00eame sujet<a href=\"https:\/\/rmcsport.bfmtv.com\/replay-emissions\/after-foot\/video-strasbourg-ce-sont-les-favoris-a-la-4e-place-de-ligue-1-acherchour-ravis-de-l-arrivee-d-enciso_VN-202508200595.html\" title=\"Strasbourg : \u201cCe sont les favoris \u00e0 la 4e place de Ligue 1\u201d, Acherchour ravis de l\u2019arriv\u00e9e d\u2019Enciso\" rel=\"nofollow noopener\" target=\"_blank\"><img class=\"lozad\"  width=\"16\" height=\"9\" alt=\"Strasbourg : \u201cCe sont les favoris \u00e0 la 4e place de Ligue 1\u201d, Acherchour ravis de l\u2019arriv\u00e9e d\u2019Enciso\"\/>en lectureStrasbourg : \u201cCe sont les favoris \u00e0 la 4e place de Ligue 1\u201d, Acherchour ravis de l\u2019arriv\u00e9e d\u2019Enciso<\/a><a href=\"https:\/\/rmcsport.bfmtv.com\/replay-emissions\/after-foot\/video-canal-ligue1-tavernost-reste-ferme-face-a-canal-et-defend-la-nouvelle-chaine_VN-202508200592.html\" title=\"Canal\/Ligue1+ : Tavernost reste ferme face \u00e0 Canal+ et d\u00e9fend la nouvelle cha\u00eene !\" rel=\"nofollow noopener\" target=\"_blank\"><img class=\"lozad\"  width=\"16\" height=\"9\" alt=\"Canal\/Ligue1+ : Tavernost reste ferme face \u00e0 Canal+ et d\u00e9fend la nouvelle cha\u00eene !\"\/>16:51Canal\/Ligue1+ : Tavernost reste ferme face \u00e0 Canal+ et d\u00e9fend la nouvelle cha\u00eene !<\/a><a href=\"https:\/\/rmcsport.bfmtv.com\/replay-emissions\/after-foot\/video-om-longoria-benatia-et-de-zerbi-n-ont-plus-le-droit-a-l-erreur-affirme-acherchour_VN-202508200580.html\" title=\"OM : \u201cLongoria, Benatia et De Zerbi\u2026 n\u2019ont plus le droit \u00e0 l\u2019erreur !\u201d, affirme Acherchour\" rel=\"nofollow noopener\" target=\"_blank\"><img class=\"lozad\"  width=\"16\" height=\"9\" alt=\"OM : \u201cLongoria, Benatia et De Zerbi\u2026 n\u2019ont plus le droit \u00e0 l\u2019erreur !\u201d, affirme Acherchour\"\/>12:33OM : \u201cLongoria, Benatia et De Zerbi\u2026 n\u2019ont plus le droit \u00e0 l\u2019erreur !\u201d, affirme Acherchour<\/a><a href=\"https:\/\/rmcsport.bfmtv.com\/replay-emissions\/after-foot\/video-fc-nantes-il-va-falloir-qu-abline-se-remette-la-tete-a-l-endroit-previent-diaz_VN-202508200566.html\" title=\"FC Nantes : \u201cIl va falloir qu\u2019Abline se remette la t\u00eate \u00e0 l\u2019endroit !\u201d, pr\u00e9vient Diaz\" rel=\"nofollow noopener\" target=\"_blank\"><img class=\"lozad\"  width=\"16\" height=\"9\" alt=\"FC Nantes : \u201cIl va falloir qu\u2019Abline se remette la t\u00eate \u00e0 l\u2019endroit !\u201d, pr\u00e9vient Diaz\"\/>14:33FC Nantes : \u201cIl va falloir qu\u2019Abline se remette la t\u00eate \u00e0 l\u2019endroit !\u201d, pr\u00e9vient Diaz<\/a><a href=\"https:\/\/rmcsport.bfmtv.com\/replay-emissions\/after-foot\/video-om-on-est-dans-une-gestion-precipitee-due-a-l-entourage-d-adrien-rabiot-explique-mendelewitsch_VN-202508200559.html\" title=\"OM :  \u201cOn est dans une gestion pr\u00e9cipit\u00e9e due \u00e0 l&#039;entourage d&#039;Adrien Rabiot.\u201d, explique Mendelewitsch\" rel=\"nofollow noopener\" target=\"_blank\"><img class=\"lozad\"  width=\"16\" height=\"9\" alt=\"OM :  \u201cOn est dans une gestion pr\u00e9cipit\u00e9e due \u00e0 l'entourage d'Adrien Rabiot.\u201d, explique Mendelewitsch\"\/>8:22OM : \u201cOn est dans une gestion pr\u00e9cipit\u00e9e due \u00e0 l&rsquo;entourage d&rsquo;Adrien Rabiot.\u201d, explique Mendelewitsch<\/a><a href=\"https:\/\/rmcsport.bfmtv.com\/replay-emissions\/after-foot\/video-as-monaco-la-gestion-de-fin-de-mercato-monegasque-respire-l-improvisation-estime-elton_VN-202508200555.html\" title=\"AS Monaco : \u201cLa gestion de fin de mercato mon\u00e9gasque respire l\u2019improvisation\u201d, estime Elton\" rel=\"nofollow noopener\" target=\"_blank\"><img class=\"lozad\"  width=\"16\" height=\"9\" alt=\"AS Monaco : \u201cLa gestion de fin de mercato mon\u00e9gasque respire l\u2019improvisation\u201d, estime Elton\"\/>10:18AS Monaco : \u201cLa gestion de fin de mercato mon\u00e9gasque respire l\u2019improvisation\u201d, estime Elton<\/a><a href=\"https:\/\/rmcsport.bfmtv.com\/replay-emissions\/after-foot\/video-premier-league-isak-guehi-liverpool-n-a-pas-encore-fini-son-mercato-xxl_VN-202508200161.html\" title=\"Premier League : Isak, Gu\u00e9hi\u2026 Liverpool n\u2019a pas encore fini son mercato XXL\" rel=\"nofollow noopener\" target=\"_blank\"><img class=\"lozad\"  width=\"16\" height=\"9\" alt=\"Premier League : Isak, Gu\u00e9hi\u2026 Liverpool n\u2019a pas encore fini son mercato XXL\"\/>8:21Premier League : Isak, Gu\u00e9hi\u2026 Liverpool n\u2019a pas encore fini son mercato XXL<\/a><a href=\"https:\/\/rmcsport.bfmtv.com\/replay-emissions\/after-foot\/video-om-rabiot-sur-le-depart-l-ac-milan-une-piste-credible_VN-202508190593.html\" title=\"OM : Rabiot sur le d\u00e9part, l&#039;AC Milan une piste cr\u00e9dible ?\" rel=\"nofollow noopener\" target=\"_blank\"><img class=\"lozad\"  width=\"16\" height=\"9\" alt=\"OM : Rabiot sur le d\u00e9part, l'AC Milan une piste cr\u00e9dible ?\"\/>2:39OM : Rabiot sur le d\u00e9part, l&rsquo;AC Milan une piste cr\u00e9dible ?<\/a><a href=\"https:\/\/rmcsport.bfmtv.com\/replay-emissions\/after-foot\/video-real-1-0-osasuna-mbappe-le-meilleur-madrilene-sur-la-pelouse-estime-edgar-groleau_VN-202508190589.html\" title=\" Real 1-0 Osasuna : &quot;Mbapp\u00e9 le meilleur madril\u00e8ne sur la pelouse&quot; estime Edgar Groleau\" rel=\"nofollow noopener\" target=\"_blank\"><img class=\"lozad\"  width=\"16\" height=\"9\" alt=\" Real 1-0 Osasuna : &quot;Mbapp\u00e9 le meilleur madril\u00e8ne sur la pelouse&quot; estime Edgar Groleau\"\/>2:55Real 1-0 Osasuna : \u00ab\u00a0Mbapp\u00e9 le meilleur madril\u00e8ne sur la pelouse\u00a0\u00bb estime Edgar Groleau<\/a><a href=\"https:\/\/rmcsport.bfmtv.com\/replay-emissions\/after-foot\/video-l-om-veut-se-separer-de-rabiot-un-acte-fort-pour-proteger-son-institution-estime-acherchour_VN-202508190581.html\" title=\"L&#039;OM veut se s\u00e9parer de Rabiot, &quot;un acte fort pour prot\u00e9ger son institution&quot; estime Acherchour\" rel=\"nofollow noopener\" target=\"_blank\"><img class=\"lozad\"  width=\"16\" height=\"9\" alt=\"L'OM veut se s\u00e9parer de Rabiot, &quot;un acte fort pour prot\u00e9ger son institution&quot; estime Acherchour\"\/>11:18L&rsquo;OM veut se s\u00e9parer de Rabiot, \u00ab\u00a0un acte fort pour prot\u00e9ger son institution\u00a0\u00bb estime Acherchour<\/a><a href=\"https:\/\/rmcsport.bfmtv.com\/replay-emissions\/after-foot\/video-le-clan-rabiot-a-des-doutes-sur-les-raisons-de-la-decision-de-l-om_VN-202508190577.html\" title=\"Le clan Rabiot a &quot;des doutes&quot; sur les raisons de la d\u00e9cision de l&#039;OM\" rel=\"nofollow noopener\" target=\"_blank\"><img class=\"lozad\"  width=\"16\" height=\"9\" alt=\"Le clan Rabiot a &quot;des doutes&quot; sur les raisons de la d\u00e9cision de l'OM\"\/>11:07Le clan Rabiot a \u00ab\u00a0des doutes\u00a0\u00bb sur les raisons de la d\u00e9cision de l&rsquo;OM<\/a><a href=\"https:\/\/rmcsport.bfmtv.com\/replay-emissions\/after-foot\/video-ol-la-cure-d-austerite-peut-elle-etre-benefique_VN-202508190561.html\" title=\" OL : La cure d&#039;aust\u00e9rit\u00e9 peut-elle \u00eatre b\u00e9n\u00e9fique ?\" rel=\"nofollow noopener\" target=\"_blank\"><img class=\"lozad\"  width=\"16\" height=\"9\" alt=\" OL : La cure d'aust\u00e9rit\u00e9 peut-elle \u00eatre b\u00e9n\u00e9fique ?\"\/>15:59OL : La cure d&rsquo;aust\u00e9rit\u00e9 peut-elle \u00eatre b\u00e9n\u00e9fique ?<\/a><a href=\"https:\/\/rmcsport.bfmtv.com\/replay-emissions\/after-foot\/video-real-madrid-kylian-mbappe-n-a-rien-et-n-aura-jamais-rien-d-un-numero-10-estime-kevin-diaz_VN-202508190554.html\" title=\"Real Madrid : \u201cKylian Mbapp\u00e9 n&#039;a rien et n&#039;aura jamais rien d&#039;un num\u00e9ro 10\u201d, estime Kevin Diaz\" rel=\"nofollow noopener\" target=\"_blank\"><img class=\"lozad\"  width=\"16\" height=\"9\" alt=\"Real Madrid : \u201cKylian Mbapp\u00e9 n'a rien et n'aura jamais rien d'un num\u00e9ro 10\u201d, estime Kevin Diaz\"\/>12:15Real Madrid : \u201cKylian Mbapp\u00e9 n&rsquo;a rien et n&rsquo;aura jamais rien d&rsquo;un num\u00e9ro 10\u201d, estime Kevin Diaz<\/a><a href=\"https:\/\/rmcsport.bfmtv.com\/replay-emissions\/after-foot\/video-om-marseille-veut-15m-pour-rabiot-et-s-il-n-est-pas-vendu-il-sera-envoye-en-reserve-explique-flo-germain_VN-202508190530.html\" title=\"OM : \u201cMarseille veut 15M\u20ac pour Rabiot\u201d, explique Flo Germain\" rel=\"nofollow noopener\" target=\"_blank\"><img class=\"lozad\"  width=\"16\" height=\"9\" alt=\"OM : \u201cMarseille veut 15M\u20ac pour Rabiot\u201d, explique Flo Germain\"\/>6:26OM : \u201cMarseille veut 15M\u20ac pour Rabiot\u201d, explique Flo Germain<\/a><a class=\"jumpToVideo\" target=\"_blank\"><img class=\"thumbnailPreview\"\/><\/a><\/p>\n","protected":false},"excerpt":{"rendered":"Strasbourg : \u201cCe sont les favoris \u00e0 la 4e place de Ligue 1\u201d, Acherchour ravis de l\u2019arriv\u00e9e d\u2019Enciso&hellip;\n","protected":false},"author":2,"featured_media":332530,"comment_status":"","ping_status":"","sticky":false,"template":"","format":"standard","meta":{"footnotes":""},"categories":[2820],"tags":[1111,11,1777,674,1011,27,775,12,25,640],"class_list":{"0":"post-332529","1":"post","2":"type-post","3":"status-publish","4":"format-standard","5":"has-post-thumbnail","7":"category-strasbourg","8":"tag-actu","9":"tag-actualites","10":"tag-eu","11":"tag-europe","12":"tag-fr","13":"tag-france","14":"tag-grand-est","15":"tag-news","16":"tag-republique-francaise","17":"tag-strasbourg"},"share_on_mastodon":{"url":"https:\/\/pubeurope.com\/@fr\/115063381235266988","error":""},"_links":{"self":[{"href":"https:\/\/www.europesays.com\/fr\/wp-json\/wp\/v2\/posts\/332529","targetHints":{"allow":["GET"]}}],"collection":[{"href":"https:\/\/www.europesays.com\/fr\/wp-json\/wp\/v2\/posts"}],"about":[{"href":"https:\/\/www.europesays.com\/fr\/wp-json\/wp\/v2\/types\/post"}],"author":[{"embeddable":true,"href":"https:\/\/www.europesays.com\/fr\/wp-json\/wp\/v2\/users\/2"}],"replies":[{"embeddable":true,"href":"https:\/\/www.europesays.com\/fr\/wp-json\/wp\/v2\/comments?post=332529"}],"version-history":[{"count":0,"href":"https:\/\/www.europesays.com\/fr\/wp-json\/wp\/v2\/posts\/332529\/revisions"}],"wp:featuredmedia":[{"embeddable":true,"href":"https:\/\/www.europesays.com\/fr\/wp-json\/wp\/v2\/media\/332530"}],"wp:attachment":[{"href":"https:\/\/www.europesays.com\/fr\/wp-json\/wp\/v2\/media?parent=332529"}],"wp:term":[{"taxonomy":"category","embeddable":true,"href":"https:\/\/www.europesays.com\/fr\/wp-json\/wp\/v2\/categories?post=332529"},{"taxonomy":"post_tag","embeddable":true,"href":"https:\/\/www.europesays.com\/fr\/wp-json\/wp\/v2\/tags?post=332529"}],"curies":[{"name":"wp","href":"https:\/\/api.w.org\/{rel}","templated":true}]}}