{"id":332531,"date":"2025-08-20T22:10:14","date_gmt":"2025-08-20T22:10:14","guid":{"rendered":"https:\/\/www.europesays.com\/fr\/332531\/"},"modified":"2025-08-20T22:10:14","modified_gmt":"2025-08-20T22:10:14","slug":"les-experts-expliquent-pourquoi-elles-ne-sont-pas-comparables-avec-la-catastrophe-de-2003","status":"publish","type":"post","link":"https:\/\/www.europesays.com\/fr\/332531\/","title":{"rendered":"les experts expliquent pourquoi elles ne sont pas comparables avec la catastrophe de 2003"},"content":{"rendered":"<p><strong>La France a connu une vague de chaleur marquante entre le 8 et le 18 ao\u00fbt, sans toutefois \u00e9galer la canicule historique d\u2019ao\u00fbt 2003 \u00e0 l\u2019\u00e9chelle nationale, selon M\u00e9t\u00e9o-France.<\/strong><\/p>\n<p>M\u00e9t\u00e9o-France a pr\u00e9cis\u00e9 mercredi que cette vague de chaleur, la 51e enregistr\u00e9e depuis 1947, n\u2019\u00e9tait \u00ab\u00a0comparable ni en intensit\u00e9, ni en s\u00e9v\u00e9rit\u00e9 \u00e0 la canicule historique d\u2019ao\u00fbt 2003\u00a0\u00bb, sauf dans certaines r\u00e9gions du sud-ouest.<\/p>\n<p>Ce type d\u2019\u00e9v\u00e9nement climatique extr\u00eame tend \u00e0 devenir plus fr\u00e9quent et plus intense, en lien direct avec le changement climatique. Sur les 51 vagues de chaleur enregistr\u00e9es depuis 1947, 34 ont eu lieu apr\u00e8s l\u2019an 2000, soulignant une tendance lourde \u00e0 l\u2019aggravation.<\/p>\n<p>Une dur\u00e9e caniculaire particuli\u00e8rement longue<\/p>\n<p>La vague de chaleur d\u2019ao\u00fbt 2025 est la deuxi\u00e8me plus longue pour ce mois depuis le d\u00e9but des relev\u00e9s, juste derri\u00e8re celle d\u2019ao\u00fbt 2003 qui avait dur\u00e9 seize jours. Selon M\u00e9t\u00e9o-France, cet \u00e9t\u00e9 compte d\u00e9j\u00e0 27 jours de vague de chaleur, ce qui le place au deuxi\u00e8me rang historique, derri\u00e8re l\u2019\u00e9t\u00e9 2022 qui en comptabilisait 33 r\u00e9partis sur trois vagues distinctes.<\/p>\n<p>Malgr\u00e9 cette long\u00e9vit\u00e9, l\u2019intensit\u00e9 globale de l\u2019\u00e9pisode reste en de\u00e7\u00e0 des records de 2003 sur l\u2019ensemble du territoire, notamment parce que le nord du pays a \u00e9t\u00e9 relativement \u00e9pargn\u00e9 par les temp\u00e9ratures les plus extr\u00eames.<\/p>\n<p>Le sud-ouest durement frapp\u00e9 par la chaleur<\/p>\n<p>M\u00e9t\u00e9o-France note toutefois qu\u2019il s\u2019agit \u00ab\u00a0d\u2019une des vagues de chaleur les plus intenses sur le sud du pays\u00a0\u00bb, et particuli\u00e8rement dans le sud-ouest, \u00ab\u00a0qui a pu conna\u00eetre des niveaux de chaleur comparables \u00e0 ceux survenus\u00a0\u00bb en 2003.<\/p>\n<p>Dans des villes comme Carcassonne, Toulouse, Cognac ou Bordeaux, les temp\u00e9ratures maximales moyennes ont \u00e9t\u00e9 sup\u00e9rieures d\u2019un \u00e0 deux degr\u00e9s par rapport \u00e0 2003. En revanche, \u00e0 Strasbourg ou Paris, elles sont rest\u00e9es plus fra\u00eeches, avec des \u00e9carts de trois \u00e0 quatre degr\u00e9s en moins.<\/p>\n<p>Des records d\u00e9pass\u00e9s localement<\/p>\n<p>Le seuil symbolique des 40\u00b0C a \u00e9t\u00e9 franchi plusieurs fois dans le sud, parfois deux jours d\u2019affil\u00e9e, comme \u00e0 Toulouse (Haute-Garonne), Argentat (Corr\u00e8ze), Agen (Lot-et-Garonne), Montauban (Tarn-et-Garonne), ou m\u00eame \u00e0 deux reprises \u00e0 Carcassonne (Aude).<\/p>\n<p><a href=\"https:\/\/anneedelamer.nice.fr\/\" rel=\"nofollow noopener\" target=\"_blank\"><img loading=\"lazy\" decoding=\"async\" width=\"300\" height=\"300\" src=\"data:image\/svg+xml,%3Csvg%20xmlns=\" http:=\"\" alt=\"\" class=\"wp-image-235449\" data-lazy-src=\"https:\/\/www.europesays.com\/fr\/wp-content\/uploads\/2025\/04\/IMG_1416-2.png\"\/><\/a><\/p>\n<p>Sur les 120 stations de M\u00e9t\u00e9o-France, le seuil des 40\u00b0C a \u00e9t\u00e9 atteint ou d\u00e9pass\u00e9 \u00e0 32 reprises en ao\u00fbt 2025 par 20 stations. En comparaison, en 2003, ce chiffre s\u2019\u00e9levait \u00e0 87 occurrences r\u00e9parties sur 28 stations.<\/p>\n<p>Des extr\u00eames encore rares avant 1980<\/p>\n<p>Le pr\u00e9visionniste national rappelle qu\u2019\u00ab\u00a0avant 1980, les occurrences de d\u00e9passement du seuil 40\u00b0C sur ce m\u00eame r\u00e9seau sont extr\u00eamement rares\u00a0\u00bb. Entre 1951 et 1980, seules cinq occurrences de ce type ont \u00e9t\u00e9 mesur\u00e9es.<\/p>\n<p>Les nuits tropicales, o\u00f9 la temp\u00e9rature ne descend pas sous les 20\u00b0C, se sont \u00e9galement multipli\u00e9es durant cet \u00e9pisode. \u00c0 Nice (Alpes-Maritimes), S\u00e8te (H\u00e9rault) et Perpignan (Pyr\u00e9n\u00e9es-Orientales), elles ont dur\u00e9 pendant les 11 jours cons\u00e9cutifs de la vague de chaleur.<\/p>\n<p class=\"has-small-font-size\">Avec AFP<\/p>\n","protected":false},"excerpt":{"rendered":"La France a connu une vague de chaleur marquante entre le 8 et le 18 ao\u00fbt, sans toutefois&hellip;\n","protected":false},"author":2,"featured_media":332532,"comment_status":"","ping_status":"","sticky":false,"template":"","format":"standard","meta":{"footnotes":""},"categories":[2819],"tags":[1111,11,1777,674,1011,27,12,2401,882,25],"class_list":{"0":"post-332531","1":"post","2":"type-post","3":"status-publish","4":"format-standard","5":"has-post-thumbnail","7":"category-nice","8":"tag-actu","9":"tag-actualites","10":"tag-eu","11":"tag-europe","12":"tag-fr","13":"tag-france","14":"tag-news","15":"tag-nice","16":"tag-provence-alpes-cote-dazur","17":"tag-republique-francaise"},"share_on_mastodon":{"url":"https:\/\/pubeurope.com\/@fr\/115063385251124961","error":""},"_links":{"self":[{"href":"https:\/\/www.europesays.com\/fr\/wp-json\/wp\/v2\/posts\/332531","targetHints":{"allow":["GET"]}}],"collection":[{"href":"https:\/\/www.europesays.com\/fr\/wp-json\/wp\/v2\/posts"}],"about":[{"href":"https:\/\/www.europesays.com\/fr\/wp-json\/wp\/v2\/types\/post"}],"author":[{"embeddable":true,"href":"https:\/\/www.europesays.com\/fr\/wp-json\/wp\/v2\/users\/2"}],"replies":[{"embeddable":true,"href":"https:\/\/www.europesays.com\/fr\/wp-json\/wp\/v2\/comments?post=332531"}],"version-history":[{"count":0,"href":"https:\/\/www.europesays.com\/fr\/wp-json\/wp\/v2\/posts\/332531\/revisions"}],"wp:featuredmedia":[{"embeddable":true,"href":"https:\/\/www.europesays.com\/fr\/wp-json\/wp\/v2\/media\/332532"}],"wp:attachment":[{"href":"https:\/\/www.europesays.com\/fr\/wp-json\/wp\/v2\/media?parent=332531"}],"wp:term":[{"taxonomy":"category","embeddable":true,"href":"https:\/\/www.europesays.com\/fr\/wp-json\/wp\/v2\/categories?post=332531"},{"taxonomy":"post_tag","embeddable":true,"href":"https:\/\/www.europesays.com\/fr\/wp-json\/wp\/v2\/tags?post=332531"}],"curies":[{"name":"wp","href":"https:\/\/api.w.org\/{rel}","templated":true}]}}