{"id":332535,"date":"2025-08-20T22:13:12","date_gmt":"2025-08-20T22:13:12","guid":{"rendered":"https:\/\/www.europesays.com\/fr\/332535\/"},"modified":"2025-08-20T22:13:12","modified_gmt":"2025-08-20T22:13:12","slug":"fc-nantes-chidozie-awaziem-premiere-reussie-pour-son-retour-en-ligue-1","status":"publish","type":"post","link":"https:\/\/www.europesays.com\/fr\/332535\/","title":{"rendered":"FC Nantes. Chidozie Awaziem, premi\u00e8re r\u00e9ussie pour son retour en Ligue 1"},"content":{"rendered":"<p data-start=\"372\" data-end=\"661\">Nantes n\u2019a quasiment jamais connu un mercato si agit\u00e9 dans son histoire : renouvellement d\u2019effectif total, une page a \u00e9t\u00e9 tourn\u00e9e et un nouveau chapitre commence \u00e0 s\u2019\u00e9crire. Si, comme chef d\u2019orchestre, le FCN s\u2019est tourn\u00e9 vers Luis Castro, le choix des musiciens sera tout autant scrut\u00e9.<\/p>\n<p>Une d\u00e9fense \u00e0 reconstruire<\/p>\n<p data-start=\"663\" data-end=\"1502\">Huit joueurs sont arriv\u00e9s, et huit ont fait le chemin inverse, parmi eux les quatre d\u00e9fenseurs centraux de l\u2019\u00e9quipe l\u2019an pass\u00e9 : Nicolas Pallois (Reims), Nathan Z\u00e9z\u00e9 (NEOM SC), Jean-Charles Castelletto (Al-Duhail) et Sa\u00efdou Sow (pr\u00eat Strasbourg).<\/p>\n<p data-start=\"663\" data-end=\"1502\">Pour reconstruire sa d\u00e9fense, le FC Nantes s\u2019est tourn\u00e9 vers son centre de formation : le jeune Tylel Tati fait forte impression et pourrait \u00eatre une des r\u00e9v\u00e9lations de la saison nantaise \u00e0 seulement 17 ans. Mais pour accompagner le jeune canari, le FCN s\u2019est mis en qu\u00eate de plusieurs d\u00e9fenseurs centraux. Uros Radakovic est arriv\u00e9 en d\u00e9but de mercato et pourrait d\u00e9j\u00e0 repartir tant il a peu convaincu le staff de Luis Castro. Autre choix d\u2019exp\u00e9rience : le retour au club de Chidozie Awaziem, qui \u00e9voluait aux \u00c9tats-Unis. \u00c0 28 ans, le Nig\u00e9rian est attendu cette saison en d\u00e9fense centrale.<\/p>\n<p>Un match de patron face au PSG<\/p>\n<p data-start=\"1504\" data-end=\"1951\">Titulaire d\u00e8s la premi\u00e8re journ\u00e9e face au PSG, le Nig\u00e9rian s\u2019est illustr\u00e9 : solide d\u00e9fensivement et appliqu\u00e9 \u00e0 la relance, Chido\u2019 a rassur\u00e9 toute sa d\u00e9fense avec certains sauvetages d\u00e9cisifs, \u00e0 l\u2019image de sa sortie sur la frappe de Kang-In Lee en premi\u00e8re p\u00e9riode. H\u00e9las, il d\u00e9vie involontairement de la hanche la tentative de Vitinha qui trompera Anthony Lopes sur l\u2019unique but parisien. Mais pas de quoi ternir sa prestation solide d\u2019ensemble.<\/p>\n<p data-start=\"1953\" data-end=\"2261\">Alors certes, il n\u2019est pas le seul : le FCN a fait preuve de beaucoup de rigueur d\u00e9fensive, y compris dans l\u2019alignement, qui est une des marques de fabrique du jeu de Luis Castro. Mais Chidozie Awaziem, qui n\u2019avait plus foul\u00e9 les pelouses de Ligue 1 depuis plus de sept ans, a sign\u00e9 un retour convaincant !<\/p>\n","protected":false},"excerpt":{"rendered":"Nantes n\u2019a quasiment jamais connu un mercato si agit\u00e9 dans son histoire : renouvellement d\u2019effectif total, une page&hellip;\n","protected":false},"author":2,"featured_media":332536,"comment_status":"","ping_status":"","sticky":false,"template":"","format":"standard","meta":{"footnotes":""},"categories":[2818],"tags":[1111,11,1777,674,1011,27,766,12,2636,25],"class_list":{"0":"post-332535","1":"post","2":"type-post","3":"status-publish","4":"format-standard","5":"has-post-thumbnail","7":"category-nantes","8":"tag-actu","9":"tag-actualites","10":"tag-eu","11":"tag-europe","12":"tag-fr","13":"tag-france","14":"tag-nantes","15":"tag-news","16":"tag-pays-de-la-loire","17":"tag-republique-francaise"},"share_on_mastodon":{"url":"https:\/\/pubeurope.com\/@fr\/115063397141712118","error":""},"_links":{"self":[{"href":"https:\/\/www.europesays.com\/fr\/wp-json\/wp\/v2\/posts\/332535","targetHints":{"allow":["GET"]}}],"collection":[{"href":"https:\/\/www.europesays.com\/fr\/wp-json\/wp\/v2\/posts"}],"about":[{"href":"https:\/\/www.europesays.com\/fr\/wp-json\/wp\/v2\/types\/post"}],"author":[{"embeddable":true,"href":"https:\/\/www.europesays.com\/fr\/wp-json\/wp\/v2\/users\/2"}],"replies":[{"embeddable":true,"href":"https:\/\/www.europesays.com\/fr\/wp-json\/wp\/v2\/comments?post=332535"}],"version-history":[{"count":0,"href":"https:\/\/www.europesays.com\/fr\/wp-json\/wp\/v2\/posts\/332535\/revisions"}],"wp:featuredmedia":[{"embeddable":true,"href":"https:\/\/www.europesays.com\/fr\/wp-json\/wp\/v2\/media\/332536"}],"wp:attachment":[{"href":"https:\/\/www.europesays.com\/fr\/wp-json\/wp\/v2\/media?parent=332535"}],"wp:term":[{"taxonomy":"category","embeddable":true,"href":"https:\/\/www.europesays.com\/fr\/wp-json\/wp\/v2\/categories?post=332535"},{"taxonomy":"post_tag","embeddable":true,"href":"https:\/\/www.europesays.com\/fr\/wp-json\/wp\/v2\/tags?post=332535"}],"curies":[{"name":"wp","href":"https:\/\/api.w.org\/{rel}","templated":true}]}}