{"id":332537,"date":"2025-08-20T22:14:12","date_gmt":"2025-08-20T22:14:12","guid":{"rendered":"https:\/\/www.europesays.com\/fr\/332537\/"},"modified":"2025-08-20T22:14:12","modified_gmt":"2025-08-20T22:14:12","slug":"latelier-aquitaine-celebre-120-ans-dart-au-coeur-de-bordeaux","status":"publish","type":"post","link":"https:\/\/www.europesays.com\/fr\/332537\/","title":{"rendered":"L\u2019Atelier Aquitaine c\u00e9l\u00e8bre 120\u00a0ans d\u2019art au c\u0153ur de Bordeaux"},"content":{"rendered":"<p>Que d\u2019animations au c\u0153ur du triangle bordelais. Alors que sur les barricades dress\u00e9es sur le parvis de l\u2019\u00e9glise Notre-Dame, Gavroche venait de perdre la vie dans<a href=\"https:\/\/www.sudouest.fr\/gironde\/bordeaux\/bordeaux-dans-les-spectaculaires-coulisses-du-tournage-des-miserables-25538863.php\" rel=\"nofollow noopener\" target=\"_blank\"> le film \u00ab\u00a0Les Mis\u00e9rables\u00a0\u00bb<\/a> en tournage \u00e0 Bordeaux, la salle capitulaire de la cour Mably ouvrait le catalogue d\u2019\u00e9t\u00e9 de l\u2019exposition annuelle de l\u2019Atelier Aquitaine, r\u00e9unissant une quinzaine d\u2019artistes plasticiens r\u00e9gionaux, qui f\u00eate \u00e0 l\u2019occasion ses 120\u00a0ans.<\/p>\n<p>Comme le roman de Victor Hugo, la gen\u00e8se de ce collectif est ancr\u00e9e dans la moiti\u00e9 du XIXe\u00a0si\u00e8cle. En 1851, la Soci\u00e9t\u00e9 des Amis des Arts de Bordeaux voit le jour, puis devient rapidement en 1889 la Soci\u00e9t\u00e9 des artistes girondins suite \u00e0 quelques tensions entre les artistes parisiens et ceux de la r\u00e9gion bordelaise. C\u2019est en 1905, dans le nouvel atelier du c\u00e9l\u00e8bre peintre Paul Antin, qu\u2019Alfred de la Rocca cr\u00e9e en clin d\u2019\u0153il au lieu, une nouvelle structure, baptis\u00e9e L\u2019Atelier. En 1970, il devient Atelier 70, puis en 1990, Atelier d\u2019Aquitaine.<\/p>\n<p>Avec Alain Bergeon<\/p>\n<p>La moelle \u00e9pini\u00e8re de cette association a toujours \u00e9t\u00e9 de maintenir une exposition annuelle avec l\u2019\u00e9dition syst\u00e9matique d\u2019un catalogue. Peintres, sculpteurs, photographes, dessinateurs, et m\u00eame architectes se sont succ\u00e9d\u00e9 au fil des d\u00e9cennies. Aujourd\u2019hui, l\u2019actuelle pr\u00e9sidente Brigitte Foulgot est formelle\u00a0: \u00ab\u00a0il y a une quinzaine d\u2019ann\u00e9es, nous avions une centaine d\u2019artistes qui exposaient, c\u2019\u00e9tait trop\u00a0! Il y avait toutes sortes de formats, de styles, de th\u00e8mes\u2026\u00a0Aujourd\u2019hui, nous privil\u00e9gions principalement dans chaque \u0153uvre, une d\u00e9marche philosophique li\u00e9e \u00e0 une singularit\u00e9 d&rsquo;\u2018\u2019effet d\u00e9co\u2019\u2019\u00a0r\u00e9pondant aux go\u00fbts du public.\u00a0De plus, chaque ann\u00e9e, nous choisissons un artiste\u00a0invit\u00e9\u00a0qui nous propose une th\u00e9matique sur laquelle les artistes vont devoir travailler pendant six mois\u00a0\u00bb.<\/p>\n<p>Pour 2025, c\u2019est le peintre libournais<a href=\"https:\/\/www.sudouest.fr\/gironde\/libourne\/entrez-dans-l-antre-du-peintre-alain-bergeon-8528532.php\" target=\"_blank\" rel=\"follow nofollow noopener\"> Alain Bergeon<\/a> qui est \u00e0 l\u2019honneur entra\u00eenant avec lui les seize artistes de l\u2019Atelier d\u2019Aquitaine autour du th\u00e8me \u00ab\u00a0Ce(ux) qui nous regarde(nt)\u00a0\u00bb.<\/p>\n<p><a href=\"https:\/\/www.instagram.com\/atelier.aquitaine\/\" target=\"_blank\" rel=\"nofollow noopener\">Salle capitulaire Mably, jusqu\u2019au 24\u00a0ao\u00fbt<\/a>, tous les jours de 13 heures \u00e0 19 heures. Entr\u00e9e libre.<\/p>\n<p>        <script async src=\"\/\/www.instagram.com\/embed.js\"><\/script><\/p>\n","protected":false},"excerpt":{"rendered":"Que d\u2019animations au c\u0153ur du triangle bordelais. Alors que sur les barricades dress\u00e9es sur le parvis de l\u2019\u00e9glise&hellip;\n","protected":false},"author":2,"featured_media":332538,"comment_status":"","ping_status":"","sticky":false,"template":"","format":"standard","meta":{"footnotes":""},"categories":[2817],"tags":[1111,11,1997,1777,674,1011,27,12,2219,25],"class_list":{"0":"post-332537","1":"post","2":"type-post","3":"status-publish","4":"format-standard","5":"has-post-thumbnail","7":"category-bordeaux","8":"tag-actu","9":"tag-actualites","10":"tag-bordeaux","11":"tag-eu","12":"tag-europe","13":"tag-fr","14":"tag-france","15":"tag-news","16":"tag-nouvelle-aquitaine","17":"tag-republique-francaise"},"share_on_mastodon":{"url":"https:\/\/pubeurope.com\/@fr\/115063401040415375","error":""},"_links":{"self":[{"href":"https:\/\/www.europesays.com\/fr\/wp-json\/wp\/v2\/posts\/332537","targetHints":{"allow":["GET"]}}],"collection":[{"href":"https:\/\/www.europesays.com\/fr\/wp-json\/wp\/v2\/posts"}],"about":[{"href":"https:\/\/www.europesays.com\/fr\/wp-json\/wp\/v2\/types\/post"}],"author":[{"embeddable":true,"href":"https:\/\/www.europesays.com\/fr\/wp-json\/wp\/v2\/users\/2"}],"replies":[{"embeddable":true,"href":"https:\/\/www.europesays.com\/fr\/wp-json\/wp\/v2\/comments?post=332537"}],"version-history":[{"count":0,"href":"https:\/\/www.europesays.com\/fr\/wp-json\/wp\/v2\/posts\/332537\/revisions"}],"wp:featuredmedia":[{"embeddable":true,"href":"https:\/\/www.europesays.com\/fr\/wp-json\/wp\/v2\/media\/332538"}],"wp:attachment":[{"href":"https:\/\/www.europesays.com\/fr\/wp-json\/wp\/v2\/media?parent=332537"}],"wp:term":[{"taxonomy":"category","embeddable":true,"href":"https:\/\/www.europesays.com\/fr\/wp-json\/wp\/v2\/categories?post=332537"},{"taxonomy":"post_tag","embeddable":true,"href":"https:\/\/www.europesays.com\/fr\/wp-json\/wp\/v2\/tags?post=332537"}],"curies":[{"name":"wp","href":"https:\/\/api.w.org\/{rel}","templated":true}]}}