{"id":332539,"date":"2025-08-20T22:15:22","date_gmt":"2025-08-20T22:15:22","guid":{"rendered":"https:\/\/www.europesays.com\/fr\/332539\/"},"modified":"2025-08-20T22:15:22","modified_gmt":"2025-08-20T22:15:22","slug":"rugby-scapulaire-matis-perchaud-ca-reste-mon-souvenir-le-plus-fort-avec-notamment-ce-retour-a-bordeaux-exceptionnel","status":"publish","type":"post","link":"https:\/\/www.europesays.com\/fr\/332539\/","title":{"rendered":"Rugby Scapulaire &#8211; Matis Perchaud : \u00ab\u00a0Ca reste mon souvenir le plus fort avec notamment ce retour \u00e0 Bordeaux exceptionnel\u00a0\u00bb"},"content":{"rendered":"<p>\u00a0<\/p>\n<p>Interrog\u00e9 dans les colonnes de Midi Olympique, notre pilier<br \/>\ngauche, <strong>Matis Perchaud<\/strong>, est revenu sur la finale<br \/>\nperdue face au Stade Toulousain, en Top 14 :<\/p>\n<blockquote>\n<p>\u201cJ\u2019ai v\u00e9cu la finale, je suis entr\u00e9 \u00e0 la 60e et avec<br \/>\nles prolongations, j\u2019ai jou\u00e9 quarante minutes. M\u00eame si nous nous<br \/>\nattentions \u00e0 autre chose puisque nous avons perdu, \u00e7a reste un<br \/>\nsuper souvenir. En Coupe d\u2019Europe, j\u2019ai jou\u00e9 le huiti\u00e8me, le quart<br \/>\net la demie, mais j\u2019avais une botte \u00e0 la cheville pour la finale.<br \/>\nToutefois, \u00e7a reste mon souvenir le plus fort avec notamment ce<br \/>\nretour \u00e0 Bordeaux exceptionnel. C\u2019est vrai qu\u2019au final, j\u2019ai jou\u00e9<br \/>\npas mal de match de phase finale avec la victoire contre Toulouse<br \/>\nen demi-finale de Coupe d\u2019Europe. En termes de niveau de jeu, ce<br \/>\nmatch fut l\u2019un des plus r\u00e9ussis\u201d.<\/p>\n<\/blockquote>\n<p><img loading=\"lazy\" decoding=\"async\" class=\"alignnone size-medium wp-image-166543\" src=\"data:image\/svg+xml,%3Csvg%20xmlns=\" http:=\"\" alt=\"\" width=\"600\" height=\"292\" data-lazy- data-lazy- data-lazy-src=\"https:\/\/www.europesays.com\/fr\/wp-content\/uploads\/2025\/08\/Capture-decran-2024-10-24-a-10.26.00-min-600x292.png\"\/><\/p>\n<p>Il s\u2019est aussi confi\u00e9 sur le style de management de<br \/>\n<strong>Yannick Bru<\/strong>, son manager \u00e0 l\u2019Union Bordeaux-B\u00e8gles<br \/>\n:<\/p>\n<blockquote>\n<p>\u201cIl est assez calme mais il sait donner de la voix quand il y en<br \/>\na besoin, quand il faut remettre de l\u2019ordre dans l\u2019\u00e9quipe. J\u2019aime<br \/>\nbien ce management\u201d.<\/p>\n<\/blockquote>\n<p><img loading=\"lazy\" decoding=\"async\" class=\"alignnone size-medium wp-image-166549\" src=\"data:image\/svg+xml,%3Csvg%20xmlns=\" http:=\"\" alt=\"\" width=\"600\" height=\"304\" data-lazy- data-lazy- data-lazy-src=\"https:\/\/www.europesays.com\/fr\/wp-content\/uploads\/2025\/08\/Capture-decran-2024-10-24-a-10.32.07-min-600x304.png\"\/><\/p>\n<p>Pour finir, il s\u2019est exprim\u00e9 sur les points qu\u2019il devait encore<br \/>\ntravailler, comme notamment la m\u00eal\u00e9e :<\/p>\n<blockquote>\n<p>\u201cIl faudra faire \u00e9norm\u00e9ment de renforcement cervical. A mon<br \/>\nposte, c\u2019est \u00e9videmment tr\u00e8s important\u201d.<\/p>\n<\/blockquote>\n","protected":false},"excerpt":{"rendered":"\u00a0 Interrog\u00e9 dans les colonnes de Midi Olympique, notre pilier gauche, Matis Perchaud, est revenu sur la finale&hellip;\n","protected":false},"author":2,"featured_media":332540,"comment_status":"","ping_status":"","sticky":false,"template":"","format":"standard","meta":{"footnotes":""},"categories":[2817],"tags":[1111,11,1997,1777,674,1011,27,12,2219,25],"class_list":{"0":"post-332539","1":"post","2":"type-post","3":"status-publish","4":"format-standard","5":"has-post-thumbnail","7":"category-bordeaux","8":"tag-actu","9":"tag-actualites","10":"tag-bordeaux","11":"tag-eu","12":"tag-europe","13":"tag-fr","14":"tag-france","15":"tag-news","16":"tag-nouvelle-aquitaine","17":"tag-republique-francaise"},"share_on_mastodon":{"url":"https:\/\/pubeurope.com\/@fr\/115063404954641813","error":""},"_links":{"self":[{"href":"https:\/\/www.europesays.com\/fr\/wp-json\/wp\/v2\/posts\/332539","targetHints":{"allow":["GET"]}}],"collection":[{"href":"https:\/\/www.europesays.com\/fr\/wp-json\/wp\/v2\/posts"}],"about":[{"href":"https:\/\/www.europesays.com\/fr\/wp-json\/wp\/v2\/types\/post"}],"author":[{"embeddable":true,"href":"https:\/\/www.europesays.com\/fr\/wp-json\/wp\/v2\/users\/2"}],"replies":[{"embeddable":true,"href":"https:\/\/www.europesays.com\/fr\/wp-json\/wp\/v2\/comments?post=332539"}],"version-history":[{"count":0,"href":"https:\/\/www.europesays.com\/fr\/wp-json\/wp\/v2\/posts\/332539\/revisions"}],"wp:featuredmedia":[{"embeddable":true,"href":"https:\/\/www.europesays.com\/fr\/wp-json\/wp\/v2\/media\/332540"}],"wp:attachment":[{"href":"https:\/\/www.europesays.com\/fr\/wp-json\/wp\/v2\/media?parent=332539"}],"wp:term":[{"taxonomy":"category","embeddable":true,"href":"https:\/\/www.europesays.com\/fr\/wp-json\/wp\/v2\/categories?post=332539"},{"taxonomy":"post_tag","embeddable":true,"href":"https:\/\/www.europesays.com\/fr\/wp-json\/wp\/v2\/tags?post=332539"}],"curies":[{"name":"wp","href":"https:\/\/api.w.org\/{rel}","templated":true}]}}