{"id":332541,"date":"2025-08-20T22:16:10","date_gmt":"2025-08-20T22:16:10","guid":{"rendered":"https:\/\/www.europesays.com\/fr\/332541\/"},"modified":"2025-08-20T22:16:10","modified_gmt":"2025-08-20T22:16:10","slug":"a-10-jours-du-coup-denvoi-la-programmation-heure-par-heure-du-rose-festival-a-toulouse-se-devoile","status":"publish","type":"post","link":"https:\/\/www.europesays.com\/fr\/332541\/","title":{"rendered":"\u00c0 10 jours du coup d&rsquo;envoi, la programmation heure par heure du Rose festival \u00e0 Toulouse se d\u00e9voile"},"content":{"rendered":"<p>            Par<br \/>\n        <strong><br \/>\n            <a href=\"https:\/\/actu.fr\/auteur\/lea-afonso\" title=\"Consulter tous les articles de L\u00e9a Afonso\" target=\"_blank\" rel=\"noopener\">L\u00e9a Afonso<\/a><br \/>\n        <\/strong><\/p>\n<p>        Publi\u00e9 le<\/p>\n<p>            20 ao\u00fbt 2025 \u00e0 17h01        <\/p>\n<p>Vous l\u2019attendiez\u2009: elle est enfin l\u00e0\u2009! \u00c0 dix jours du coup d\u2019envoi \u00e0 <a href=\"https:\/\/actu.fr\/toulouse\/\" target=\"_blank\" rel=\"noopener\">Toulouse<\/a>, le<strong> Rose festival<\/strong> a lev\u00e9 le voile, ce lundi 19\u00a0ao\u00fbt, sur la programmation d\u00e9taill\u00e9e de ses concerts. Jusqu\u2019ici, seul l\u2019ordre des jours \u00e9tait connu. D\u00e9sormais, les festivaliers savent enfin<strong> \u00e0 quelle heure retrouver leurs artistes<\/strong> pr\u00e9f\u00e9r\u00e9s sur les sc\u00e8nes d\u2019Aussonne et de Beauzelle.<\/p>\n<p>Vendredi 29\u00a0ao\u00fbt\u2009: Helena, Magic System, Ninho et Niska en t\u00eate d\u2019affiche<\/p>\n<p class=\" wall-content\">Le festival ouvre le bal d\u00e8s 15h30 avec Ekiz, jeune DJ toulousain charg\u00e9 de chauffer la sc\u00e8ne d\u2019Aussonne. La rel\u00e8ve sera assur\u00e9e par Oscar Emch (16h), puis Ronisia (16h45), avant un encha\u00eenement rythm\u00e9 avec DJ Bens, Dali et Ad\u00e8le Castillon.<\/p>\n<p class=\" wall-content\">Le<strong> prime time<\/strong> d\u00e9butera \u00e0<strong> 20h30 avec Helena<\/strong>, finaliste remarqu\u00e9e de la Star Academy 2023. \u00c0 <strong>21h30,<\/strong> place \u00e0 l\u2019\u00e9nergie contagieuse de <strong>Magic System,<\/strong> avant les poids lourds du rap fran\u00e7ais<strong> Ninho et Niska (22h30)<\/strong>. La nuit se prolongera avec Marc Rebillet (minuit) et le duo Asdek x Ava Mind (1h).<\/p>\n<p>Samedi 30\u00a0ao\u00fbt\u2009: le grand show de Bigflo et Oli<\/p>\n<p class=\" wall-content\">D\u00e8s 14h, la seconde journ\u00e9e montera en puissance avec Jaja, Enock, Ana\u00efs Mva et La Mano 1.9. Puis, \u00e0 partir de 17h, la temp\u00e9rature grimpera encore\u2009: Aliocha Schneider et son tube Ensemble, Youssoupha (18h), la star Th\u00e9odora (19h) et l\u2019artiste internationale<strong> Jorja Smith (20h).<\/strong><\/p>\n<p class=\" wall-content\">\u00c0<strong> 21h30,<\/strong> place au moment fort du festival\u2009:<strong><a href=\"https:\/\/actu.fr\/tag\/bigflo-et-oli\" target=\"_blank\" rel=\"noopener\"> Bigflo et Oli<\/a>,<\/strong> les h\u00f4tes toulousains, offriront un show de 1h30 qui s\u2019annonce spectaculaire \u2013 rumeurs de feu d\u2019artifice inclus \u2013.<br \/>La soir\u00e9e se poursuivra avec<strong> Vald (23h)<\/strong>, puis<strong> Kavinsky (minuit)<\/strong> avant de conclure avec <strong>Lost Frequencies \u00e0 1h<\/strong> du matin.<\/p>\n<p>Vid\u00e9os : en ce moment sur ActuDimanche 31\u00a0ao\u00fbt\u2009: une closing party explosive<\/p>\n<p class=\" wall-content\">Le dernier jour d\u00e9butera \u00e0 13h30 avec Veekee, suivi de Camille Yembe (14h), Fredz (15h) et Aupinard (15h30). L\u2019apr\u00e8s-midi se poursuivra avec Jolagreen23 (16h30), Upsilone (17h30) et Bon Entendeur (18h30).<\/p>\n<p class=\" wall-content\">La soir\u00e9e prendra un virage plus urbain avec<strong> Ril\u00e8s (19h30) et Luidji (20h30)<\/strong>. \u00c0 <strong>21h30, Pierre Garnier<\/strong>, vainqueur de la Star Academy 2023, livrera une heure de concert tr\u00e8s attendue. Enfin,<strong> SDM (22h45)<\/strong> lancera l\u2019ultime s\u00e9quence avant la grande <strong>Closing Party sign\u00e9e Bigflo et Oli \u00e0 23h45,<\/strong> pour clore en beaut\u00e9 cette \u00e9dition 2025 du Rose festival.<\/p>\n<p>Votre r\u00e9gion, votre actu !<\/p>\n<p>Recevez chaque jour les infos qui comptent pour vous.<\/p>\n<p>\t<a href=\"https:\/\/actu.fr\/newsletter\" class=\"ac-btn ac-btn--corner ac-btn--medium ac-btn--blue800\" target=\"_blank\" rel=\"noopener\">S&rsquo;incrire<\/a><\/p>\n<p class=\" wall-content\">Personnalisez votre actualit\u00e9 en ajoutant vos villes et m\u00e9dias en favori avec <a href=\"https:\/\/moncompte.actu.fr\" title=\"D\u00e9couvez Mon Actu\" rel=\"nofollow noopener\" data-trk=\"{&quot;cta&quot;:{&quot;action&quot;:&quot;https:\\\/\\\/moncompte.actu.fr&quot;,&quot;category&quot;:&quot;mon compte&quot;,&quot;from&quot;:&quot;article footer&quot;,&quot;name&quot;:&quot;Mon actu&quot;,&quot;type&quot;:&quot;cta&quot;}}\" target=\"_blank\">Mon Actu<\/a>.<\/p>\n","protected":false},"excerpt":{"rendered":"Par L\u00e9a Afonso Publi\u00e9 le 20 ao\u00fbt 2025 \u00e0 17h01 Vous l\u2019attendiez\u2009: elle est enfin l\u00e0\u2009! \u00c0 dix&hellip;\n","protected":false},"author":2,"featured_media":332542,"comment_status":"","ping_status":"","sticky":false,"template":"","format":"standard","meta":{"footnotes":""},"categories":[2816],"tags":[1111,11,7642,1697,1777,674,1011,27,1652,873,12,2680,25,2312],"class_list":{"0":"post-332541","1":"post","2":"type-post","3":"status-publish","4":"format-standard","5":"has-post-thumbnail","7":"category-toulouse","8":"tag-actu","9":"tag-actualites","10":"tag-bigflo-et-oli","11":"tag-concert","12":"tag-eu","13":"tag-europe","14":"tag-fr","15":"tag-france","16":"tag-loisirs-culture","17":"tag-musique","18":"tag-news","19":"tag-occitanie","20":"tag-republique-francaise","21":"tag-toulouse"},"share_on_mastodon":{"url":"https:\/\/pubeurope.com\/@fr\/115063408843170141","error":""},"_links":{"self":[{"href":"https:\/\/www.europesays.com\/fr\/wp-json\/wp\/v2\/posts\/332541","targetHints":{"allow":["GET"]}}],"collection":[{"href":"https:\/\/www.europesays.com\/fr\/wp-json\/wp\/v2\/posts"}],"about":[{"href":"https:\/\/www.europesays.com\/fr\/wp-json\/wp\/v2\/types\/post"}],"author":[{"embeddable":true,"href":"https:\/\/www.europesays.com\/fr\/wp-json\/wp\/v2\/users\/2"}],"replies":[{"embeddable":true,"href":"https:\/\/www.europesays.com\/fr\/wp-json\/wp\/v2\/comments?post=332541"}],"version-history":[{"count":0,"href":"https:\/\/www.europesays.com\/fr\/wp-json\/wp\/v2\/posts\/332541\/revisions"}],"wp:featuredmedia":[{"embeddable":true,"href":"https:\/\/www.europesays.com\/fr\/wp-json\/wp\/v2\/media\/332542"}],"wp:attachment":[{"href":"https:\/\/www.europesays.com\/fr\/wp-json\/wp\/v2\/media?parent=332541"}],"wp:term":[{"taxonomy":"category","embeddable":true,"href":"https:\/\/www.europesays.com\/fr\/wp-json\/wp\/v2\/categories?post=332541"},{"taxonomy":"post_tag","embeddable":true,"href":"https:\/\/www.europesays.com\/fr\/wp-json\/wp\/v2\/tags?post=332541"}],"curies":[{"name":"wp","href":"https:\/\/api.w.org\/{rel}","templated":true}]}}