{"id":332543,"date":"2025-08-20T22:17:14","date_gmt":"2025-08-20T22:17:14","guid":{"rendered":"https:\/\/www.europesays.com\/fr\/332543\/"},"modified":"2025-08-20T22:17:14","modified_gmt":"2025-08-20T22:17:14","slug":"brendan-hands-toulouse-olympique-xiii","status":"publish","type":"post","link":"https:\/\/www.europesays.com\/fr\/332543\/","title":{"rendered":"Brendan HANDS &#8211; Toulouse Olympique XIII"},"content":{"rendered":"<p>Brendan Hands, talonneur australien, rejoint le groupe toulousain pour la fin de la saison 2025, en provenance du prestigieux club des Parramatta Eels.<\/p>\n<p>Reconnu pour sa vision de jeu, sa rigueur d\u00e9fensive et son jeu au pied, il mettra toute son \u00e9nergie au service du TO XIII. Fort de son exp\u00e9rience du tr\u00e8s haut niveau, il vient renforcer les ambitions du club dans cette derni\u00e8re\u00a0ligne\u00a0droite.<\/p>\n","protected":false},"excerpt":{"rendered":"Brendan Hands, talonneur australien, rejoint le groupe toulousain pour la fin de la saison 2025, en provenance du&hellip;\n","protected":false},"author":2,"featured_media":332544,"comment_status":"","ping_status":"","sticky":false,"template":"","format":"standard","meta":{"footnotes":""},"categories":[2816],"tags":[1111,11,1777,674,1011,27,12,2680,25,2312],"class_list":{"0":"post-332543","1":"post","2":"type-post","3":"status-publish","4":"format-standard","5":"has-post-thumbnail","7":"category-toulouse","8":"tag-actu","9":"tag-actualites","10":"tag-eu","11":"tag-europe","12":"tag-fr","13":"tag-france","14":"tag-news","15":"tag-occitanie","16":"tag-republique-francaise","17":"tag-toulouse"},"share_on_mastodon":{"url":"https:\/\/pubeurope.com\/@fr\/115063412644637946","error":""},"_links":{"self":[{"href":"https:\/\/www.europesays.com\/fr\/wp-json\/wp\/v2\/posts\/332543","targetHints":{"allow":["GET"]}}],"collection":[{"href":"https:\/\/www.europesays.com\/fr\/wp-json\/wp\/v2\/posts"}],"about":[{"href":"https:\/\/www.europesays.com\/fr\/wp-json\/wp\/v2\/types\/post"}],"author":[{"embeddable":true,"href":"https:\/\/www.europesays.com\/fr\/wp-json\/wp\/v2\/users\/2"}],"replies":[{"embeddable":true,"href":"https:\/\/www.europesays.com\/fr\/wp-json\/wp\/v2\/comments?post=332543"}],"version-history":[{"count":0,"href":"https:\/\/www.europesays.com\/fr\/wp-json\/wp\/v2\/posts\/332543\/revisions"}],"wp:featuredmedia":[{"embeddable":true,"href":"https:\/\/www.europesays.com\/fr\/wp-json\/wp\/v2\/media\/332544"}],"wp:attachment":[{"href":"https:\/\/www.europesays.com\/fr\/wp-json\/wp\/v2\/media?parent=332543"}],"wp:term":[{"taxonomy":"category","embeddable":true,"href":"https:\/\/www.europesays.com\/fr\/wp-json\/wp\/v2\/categories?post=332543"},{"taxonomy":"post_tag","embeddable":true,"href":"https:\/\/www.europesays.com\/fr\/wp-json\/wp\/v2\/tags?post=332543"}],"curies":[{"name":"wp","href":"https:\/\/api.w.org\/{rel}","templated":true}]}}