{"id":332547,"date":"2025-08-20T22:20:27","date_gmt":"2025-08-20T22:20:27","guid":{"rendered":"https:\/\/www.europesays.com\/fr\/332547\/"},"modified":"2025-08-20T22:20:27","modified_gmt":"2025-08-20T22:20:27","slug":"que-faire-a-marseille-ce-week-end-22-24-aout-2025","status":"publish","type":"post","link":"https:\/\/www.europesays.com\/fr\/332547\/","title":{"rendered":"que faire \u00e0 Marseille ce week-end ? (22-24 ao\u00fbt 2025)"},"content":{"rendered":"<p class=\"intro\">\nWeek-end d&rsquo;\u00e9t\u00e9 oblige, Marseille et sa r\u00e9gion vous r\u00e9servent un programme vari\u00e9 entre festivit\u00e9s urbaines, d\u00e9couvertes culturelles et escapades familiales\u00a0! Du 22 au 24 ao\u00fbt, laissez-vous tenter par les animations de l&rsquo;\u00e9t\u00e9 marseillais qui battent leur plein, succombez aux charmes d&rsquo;une s\u00e9ance de cin\u00e9ma sous les \u00e9toiles ou \u00e9vadez-vous vers les tr\u00e9sors artistiques d&rsquo;Arles et des Baux-de-Provence. Que vous soyez d&rsquo;humeur contemplative ou plut\u00f4t adepte des sensations fortes, ce week-end promet de satisfaire toutes vos envies d&rsquo;\u00e9vasion\u00a0!\n<\/p>\n<p class=\"mise_en_avant\">\n<strong>Pr\u00e9visions m\u00e9t\u00e9o ce week-end\u00a0:<\/strong> Un temps id\u00e9al pour profiter des activit\u00e9s en ext\u00e9rieur avec un ciel d\u00e9gag\u00e9 et des temp\u00e9ratures agr\u00e9ables de 25-26\u00b0C vendredi et samedi, avant une petite averse l\u00e9g\u00e8re dimanche \u00e0 25\u00b0C.\n<\/p>\n<p>1\/ L&rsquo;\u00e9t\u00e9 marseillais 2025\u00a0: le rendez-vous festif incontournable [Coup de \u2764\ufe0f JDS]<\/p>\n<p>\ud83c\udf89 L&rsquo;<a href=\"https:\/\/www.jds.fr\/marseille\/manifestations\/l-ete-marseillais-387435_A\" rel=\"nofollow noopener\" target=\"_blank\">\u00e9t\u00e9 marseillais \u00e0 Marseille<\/a> continue de faire vibrer tous les quartiers de la cit\u00e9 phoc\u00e9enne avec sa programmation gratuite et \u00e9clectique. Concerts, spectacles de danse, performances artistiques et animations sportives investissent l&rsquo;ensemble du territoire marseillais pour offrir culture, sport et loisirs \u00e0 tous. \ud83c\udf1f Cette s\u00e9lection s&rsquo;impose tant cet \u00e9v\u00e9nement f\u00e9d\u00e9rateur incarne l&rsquo;esprit marseillais dans toute sa diversit\u00e9.<\/p>\n<p>\ud83d\udca1 <strong>Notre conseil\u00a0:<\/strong> Consultez r\u00e9guli\u00e8rement le programme pour ne rater aucune animation pr\u00e8s de chez vous &#8211; avec des \u00e9v\u00e9nements dans tous les arrondissements, il y en a forc\u00e9ment un \u00e0 port\u00e9e de tramway\u00a0!<\/p>\n<p>\ud83d\udccd Dans toute la ville | Marseille<br \/>\ud83d\udcc5 Jusqu&rsquo;au 14\/09\/2025<\/p>\n<p class=\"mise_en_avant\">\ud83d\udc49 <a href=\"https:\/\/www.jds.fr\/marseille\/manifestations\/l-ete-marseillais-387435_A\" rel=\"nofollow noopener\" target=\"_blank\">[Coup de \u2764\ufe0f JDS] L&rsquo;\u00e9t\u00e9 marseillais 2025\u00a0: animations estivales\u00a0: toutes les informations<\/a><\/p>\n<p><a data-lightbox=\"article\" data-title=\"L&#039;Ete marseillais propose bon nombre d&#039;animations DR\" class=\"image detail fullwidth\" href=\"https:\/\/www.jds.fr\/medias\/image\/ete-marseillais-photo-illustration-canva-291552-1200-0-F.webp\" title=\"L&#039;Ete marseillais propose bon nombre d&#039;animations DR\" rel=\"nofollow noopener\" target=\"_blank\"><br \/>\n<img decoding=\"async\" loading=\"lazy\" src=\"https:\/\/www.europesays.com\/fr\/wp-content\/uploads\/2025\/07\/ete-marseillais-photo-illustration-canva-291552-1200-0.webp.webp\"   alt=\"L'Ete marseillais propose bon nombre d'animations\" class=\"shortcode_image border\"\/><br \/>\n\u00a9 DR<br \/>\nL&rsquo;Ete marseillais propose bon nombre d&rsquo;animations<br \/>\n<\/a><\/p>\n<p>2\/ F\u00eate foraine du Prado\u00a0: l&rsquo;\u00e9t\u00e9 sucr\u00e9 au bord des flots<\/p>\n<p>\ud83c\udfa0 La <a href=\"https:\/\/www.jds.fr\/marseille\/manifestations\/fete-foraine\/fete-foraine-prado-marseille-170804_A\" rel=\"nofollow noopener\" target=\"_blank\">f\u00eate foraine du Prado \u00e0 Marseille<\/a> transforme la plage mythique en royaume de l&rsquo;enfance et de la nostalgie. Man\u00e8ges, auto-tamponneuses, jeux d&rsquo;adresse et stands gourmands vous attendent chaque jour de 16h \u00e0 minuit dans cette ambiance estivale unique qui m\u00eale embruns marins et barbes \u00e0 papa. \ud83c\udf6d Un incontournable familial qui fait le bonheur des petits comme des grands depuis des g\u00e9n\u00e9rations.<\/p>\n<p>\ud83d\udca1 <strong>Notre conseil\u00a0:<\/strong> Venez plut\u00f4t en fin d&rsquo;apr\u00e8s-midi pour profiter du coucher de soleil sur la mer tout en vous amusant &#8211; l&rsquo;ambiance est magique \u00e0 cette heure-l\u00e0\u00a0!<\/p>\n<p>\ud83d\udccd Plages de Marseille | Marseille<br \/>\ud83d\udcc5 Jusqu&rsquo;au 03\/09\/2025<\/p>\n<p class=\"mise_en_avant\">\ud83d\udc49 <a href=\"https:\/\/www.jds.fr\/marseille\/manifestations\/fete-foraine\/fete-foraine-prado-marseille-170804_A\" rel=\"nofollow noopener\" target=\"_blank\">F\u00eate foraine du Prado \u00e0 Marseille en 2025\u00a0: toutes les informations<\/a><\/p>\n<p><a data-lightbox=\"article\" data-title=\"Fun et sensations garantis \u00e0 la F\u00eate foraine du Prado \u00e0 Marseille ! DR\" class=\"image detail fullwidth\" href=\"https:\/\/www.jds.fr\/medias\/image\/fete-foraine-du-prado-a-marseille-en-602140-1200-0-F.webp\" title=\"Fun et sensations garantis \u00e0 la F\u00eate foraine du Prado \u00e0 Marseille ! DR\" rel=\"nofollow noopener\" target=\"_blank\"><br \/>\n<img decoding=\"async\" loading=\"lazy\" src=\"https:\/\/www.europesays.com\/fr\/wp-content\/uploads\/2025\/07\/fete-foraine-du-prado-a-marseille-en-602140-1200-0.webp.webp\"   alt=\"Fun et sensations garantis \u00e0 la F\u00eate foraine du Prado \u00e0 Marseille !\" class=\"shortcode_image border\"\/><br \/>\n\u00a9 DR<br \/>\nFun et sensations garantis \u00e0 la F\u00eate foraine du Prado \u00e0 Marseille !<br \/>\n<\/a><\/p>\n<p>3\/ Cin\u00e9ma en plein-air\u00a0: Hollywood sous les \u00e9toiles proven\u00e7ales<\/p>\n<p>\ud83c\udf1f Le <a href=\"https:\/\/www.jds.fr\/marseille\/spectacles\/cinema\/cine-plein-air-marseille-170779_A\" rel=\"nofollow noopener\" target=\"_blank\">cin\u00e9ma en plein-air \u00e0 Marseille<\/a> vous invite \u00e0 red\u00e9couvrir le 7\u00e8me art dans des lieux embl\u00e9matiques de la cit\u00e9. Films d&rsquo;animation, classiques du cin\u00e9ma, productions contemporaines\u00a0: une trentaine de projections gratuits transforment parcs, monuments et places en salles de cin\u00e9ma \u00e0 ciel ouvert. \ud83c\udfac Une exp\u00e9rience cin\u00e9phile unique qui conjugue culture accessible et magie des projections nocturnes.<\/p>\n<p>\ud83d\udca1 <strong>Notre conseil\u00a0:<\/strong> Arrivez un peu en avance avec votre plaid ou coussin pour choisir la meilleure place &#8211; l&rsquo;ambiance conviviale fait partie int\u00e9grante du spectacle\u00a0!<\/p>\n<p>\ud83d\udccd Marseille<br \/>\ud83d\udcc5 Jusqu&rsquo;au 26\/09\/2025<\/p>\n<p class=\"mise_en_avant\">\ud83d\udc49 <a href=\"https:\/\/www.jds.fr\/marseille\/spectacles\/cinema\/cine-plein-air-marseille-170779_A\" rel=\"nofollow noopener\" target=\"_blank\">Cin\u00e9ma en plein-air \u00e0 Marseille 2025\u00a0: toutes les informations<\/a><\/p>\n<p><a data-lightbox=\"article\" data-title=\"L&#039;affiche des s\u00e9ances de Cin\u00e9ma en plein air \u00e0 Marseille 2025 DR\" class=\"image detail fullwidth\" href=\"https:\/\/www.jds.fr\/medias\/image\/cinema-en-plein-air-a-marseille-1-669618-1200-0-F.webp\" title=\"L&#039;affiche des s\u00e9ances de Cin\u00e9ma en plein air \u00e0 Marseille 2025 DR\" rel=\"nofollow noopener\" target=\"_blank\"><br \/>\n<img decoding=\"async\" loading=\"lazy\" src=\"https:\/\/www.europesays.com\/fr\/wp-content\/uploads\/2025\/07\/cinema-en-plein-air-a-marseille-1-669618-1200-0.webp.webp\"   alt=\"L'affiche des s\u00e9ances de Cin\u00e9ma en plein air \u00e0 Marseille 2025\" class=\"shortcode_image border\"\/><br \/>\n\u00a9 DR<br \/>\nL&rsquo;affiche des s\u00e9ances de Cin\u00e9ma en plein air \u00e0 Marseille 2025<br \/>\n<\/a><\/p>\n<p>4\/ Les Rencontres d&rsquo;Arles\u00a0: la photographie dans tous ses \u00e9tats<\/p>\n<p>\ud83d\udcf8 Les <a href=\"https:\/\/www.jds.fr\/arles\/expos\/les-rencontres-d-arles-265522_A\" rel=\"nofollow noopener\" target=\"_blank\">Rencontres d&rsquo;Arles \u00e0 Arles<\/a> c\u00e9l\u00e8brent cette ann\u00e9e la diversit\u00e9 culturelle avec une programmation\u00a0\u00ab\u00a0Images Indociles\u00a0\u00bb r\u00e9partie dans une quarantaine d&rsquo;expositions \u00e0 travers la ville. D\u00e9couvertes artistiques br\u00e9siliennes, regards sur l&rsquo;Australie, r\u00e9flexions sur les mutations territoriales\u00a0: le festival transforme Arles en capitale mondiale de la photographie contemporaine. Ce rendez-vous incontournable s&rsquo;impose tant par sa qualit\u00e9 artistique que par sa capacit\u00e9 \u00e0 r\u00e9v\u00e9ler les enjeux de notre \u00e9poque.<\/p>\n<p>\ud83d\udca1 <strong>Notre conseil\u00a0:<\/strong> Optez pour le forfait journ\u00e9e qui permet de visiter plusieurs expositions &#8211; la richesse de la programmation m\u00e9rite qu&rsquo;on y consacre une journ\u00e9e enti\u00e8re\u00a0!<\/p>\n<p>\ud83d\udccd Arles<br \/>\ud83d\udcc5 Jusqu&rsquo;au 05\/10\/2025<\/p>\n<p class=\"mise_en_avant\">\ud83d\udc49 <a href=\"https:\/\/www.jds.fr\/arles\/expos\/les-rencontres-d-arles-265522_A\" rel=\"nofollow noopener\" target=\"_blank\">Les Rencontres d&rsquo;Arles 2025\u00a0: festival de photographie\u00a0: toutes les informations<\/a><\/p>\n<p><a data-lightbox=\"article\" data-title=\"Les Rencontres d&#039;Arles DR\" class=\"image detail fullwidth\" href=\"https:\/\/www.jds.fr\/medias\/image\/les-rencontres-d-arles_2-296624-1200-0-F.webp\" title=\"Les Rencontres d&#039;Arles DR\" rel=\"nofollow noopener\" target=\"_blank\"><br \/>\n<img decoding=\"async\" loading=\"lazy\" src=\"https:\/\/www.europesays.com\/fr\/wp-content\/uploads\/2025\/07\/les-rencontres-d-arles_2-296624-1200-0.webp.webp\"   alt=\"Les Rencontres d'Arles\" class=\"shortcode_image border\"\/><br \/>\n\u00a9 DR<br \/>\nLes Rencontres d&rsquo;Arles<br \/>\n<\/a><\/p>\n<p>5\/ Monet aux Carri\u00e8res des Lumi\u00e8res\u00a0: l&rsquo;impressionnisme grandeur nature<\/p>\n<p>\ud83c\udfa8 L&rsquo;exposition <a href=\"https:\/\/www.jds.fr\/expos\/monet-createur-de-l-impressionnisme-carrieres-des-lumieres-949894_A\" rel=\"nofollow noopener\" target=\"_blank\">Monet, Cr\u00e9ateur de l&rsquo;impressionnisme aux Carri\u00e8res des Lumi\u00e8res des Baux-de-Provence<\/a> offre une plong\u00e9e spectaculaire dans l&rsquo;univers du ma\u00eetre impressionniste. Les parois rocheuses s&rsquo;animent pour vous faire voyager de la gare Saint-Lazare aux jardins de Giverny, c\u00e9l\u00e9brant les 150 ans du mouvement artistique le plus populaire de France. \u2728 Cette exp\u00e9rience immersive r\u00e9volutionnaire vous fait litt\u00e9ralement entrer dans les toiles du peintre.<\/p>\n<p>\ud83d\udca1 <strong>Notre conseil\u00a0:<\/strong> Profitez de votre visite pour d\u00e9couvrir aussi l&rsquo;exposition sur le Douanier Rousseau incluse dans le m\u00eame billet &#8211; deux univers artistiques fascinants pour le prix d&rsquo;un\u00a0!<\/p>\n<p>\ud83d\udccd Carri\u00e8res des Lumi\u00e8res | Les Baux-de-Provence<br \/>\ud83d\udcc5 Jusqu&rsquo;au 04\/01\/2026<\/p>\n<p class=\"mise_en_avant\">\ud83d\udc49 <a href=\"https:\/\/www.jds.fr\/expos\/monet-createur-de-l-impressionnisme-carrieres-des-lumieres-949894_A\" rel=\"nofollow noopener\" target=\"_blank\">Monet, Cr\u00e9ateur de l&rsquo;impressionnisme | Carri\u00e8res des Lumi\u00e8res\u00a0: toutes les informations<\/a><\/p>\n<p><a class=\"btn btn-lg shadow-lg btn-primary rounded-pill fnac_link\" data-fnac=\"in_article\" href=\"https:\/\/www.awin1.com\/pclick.php?p=41106288305&amp;a=634278&amp;m=12494&amp;clickref=in_article-A-desktop\" target=\"_blank\" rel=\"nofollow noopener\"> Acheter des billets<\/a><\/p>\n<p><a data-lightbox=\"article\" data-title=\"Les peintures de Monet sur les murs des anciennes carri\u00e8res \u00a9 Culturespaces, Vincent Pinson\" class=\"image detail fullwidth\" href=\"https:\/\/www.jds.fr\/medias\/image\/monet-createur-de-l-impressionnisme-carrieres-des--4-599245-1200-0-F.webp\" title=\"Les peintures de Monet sur les murs des anciennes carri\u00e8res \u00a9 Culturespaces, Vincent Pinson\" rel=\"nofollow noopener\" target=\"_blank\"><br \/>\n<img decoding=\"async\" loading=\"lazy\" src=\"https:\/\/www.europesays.com\/fr\/wp-content\/uploads\/2025\/07\/monet-createur-de-l-impressionnisme-carrieres-des--4-599245-1200-0.webp.webp\"   alt=\"Les peintures de Monet sur les murs des anciennes carri\u00e8res\" class=\"shortcode_image border\"\/><br \/>\n\u00a9 Culturespaces, Vincent Pinson<br \/>\nLes peintures de Monet sur les murs des anciennes carri\u00e8res<br \/>\n<\/a><\/p>\n<p>6\/ Magic Park Land\u00a0: frissons garantis en famille<\/p>\n<p>\ud83c\udfa2 <a href=\"https:\/\/www.jds.fr\/marseille\/manifestations\/magic-park-land-934881_A\" rel=\"nofollow noopener\" target=\"_blank\">Magic Park Land \u00e0 Ensu\u00e8s-la-Redonne<\/a> vous attend dans sa pin\u00e8de pr\u00e9serv\u00e9e avec ses man\u00e8ges, spectacles et trois nouveaut\u00e9s pour cette saison 2025. Ce parc d&rsquo;attractions familial des Bouches-du-Rh\u00f4ne propose sensations fortes et moments magiques dans un cadre naturel exceptionnel, avec aires de pique-nique et restauration sur place. \ud83c\udf32 L&rsquo;option parfaite pour une sortie familiale m\u00ealant adr\u00e9naline et d\u00e9tente.<\/p>\n<p>\ud83d\udca1 <strong>Notre conseil\u00a0:<\/strong> Arrivez d\u00e8s l&rsquo;ouverture \u00e0 10h30 pour \u00e9viter la foule de l&rsquo;apr\u00e8s-midi et profiter pleinement des attractions &#8211; pensez \u00e0 apporter votre pique-nique pour d\u00e9jeuner dans la pin\u00e8de\u00a0!<\/p>\n<p>\ud83d\udccd Magicparkland | Ensu\u00e8s-la-Redonne<br \/>\ud83d\udcc5 Jusqu&rsquo;au 11\/11\/2025<\/p>\n<p class=\"mise_en_avant\">\ud83d\udc49 <a href=\"https:\/\/www.jds.fr\/marseille\/manifestations\/magic-park-land-934881_A\" rel=\"nofollow noopener\" target=\"_blank\">Magic Park Land\u00a0: toutes les informations<\/a><\/p>\n<p><a class=\"btn btn-lg shadow-lg btn-primary rounded-pill fnac_link\" data-fnac=\"in_article\" href=\"https:\/\/www.awin1.com\/pclick.php?p=40300105332&amp;a=634278&amp;m=12494&amp;clickref=in_article-A-desktop\" target=\"_blank\" rel=\"nofollow noopener\"> Acheter des billets<\/a><\/p>\n<p>7\/ Parc Rocher Mistral\u00a0: voyage dans le temps au ch\u00e2teau<\/p>\n<p>\u2694\ufe0f Le <a href=\"https:\/\/www.jds.fr\/marseille\/manifestations\/parc-rocher-mistral-saison-2025-934874_A\" rel=\"nofollow noopener\" target=\"_blank\">Parc Rocher Mistral \u00e0 La Barben<\/a> propose un voyage extraordinaire dans l&rsquo;histoire avec 11 spectacles et nombreuses animations au c\u0153ur du ch\u00e2teau mill\u00e9naire. Cascades, combats \u00e0 l&rsquo;\u00e9p\u00e9e, spectacles son et lumi\u00e8re\u00a0: cette exp\u00e9rience unique en Provence vous plonge dans diff\u00e9rentes \u00e9poques pour le bonheur de toute la famille. \ud83c\udff0 Une sortie originale qui allie histoire vivante et divertissement de qualit\u00e9.<\/p>\n<p>\ud83d\udca1 <strong>Notre conseil\u00a0:<\/strong> Consultez les horaires des spectacles d\u00e8s votre arriv\u00e9e pour organiser votre parcours &#8211; certaines repr\u00e9sentations sont particuli\u00e8rement impressionnantes en fin de journ\u00e9e\u00a0!<\/p>\n<p>\ud83d\udccd Rocher Mistral | La Barben<br \/>\ud83d\udcc5 Jusqu&rsquo;au 02\/11\/2025<\/p>\n<p class=\"mise_en_avant\">\ud83d\udc49 <a href=\"https:\/\/www.jds.fr\/marseille\/manifestations\/parc-rocher-mistral-saison-2025-934874_A\" rel=\"nofollow noopener\" target=\"_blank\">Parc Rocher Mistral &#8211; Saison 2025\u00a0: toutes les informations<\/a><\/p>\n<p><a class=\"btn btn-lg shadow-lg btn-primary rounded-pill fnac_link\" data-fnac=\"in_article\" href=\"https:\/\/www.awin1.com\/pclick.php?p=40081354490&amp;a=634278&amp;m=12494&amp;clickref=in_article-A-desktop\" target=\"_blank\" rel=\"nofollow noopener\"> Acheter des billets<\/a><\/p>\n<p>Date de publication : le 20\/08\/2025.<\/p>\n<p class=\"font-size-30 fw-bold lh-1 mt-0 mb-4\">Je trouve les meilleures sorties dans ma ville<\/p>\n","protected":false},"excerpt":{"rendered":"Week-end d&rsquo;\u00e9t\u00e9 oblige, Marseille et sa r\u00e9gion vous r\u00e9servent un programme vari\u00e9 entre festivit\u00e9s urbaines, d\u00e9couvertes culturelles et&hellip;\n","protected":false},"author":2,"featured_media":332548,"comment_status":"","ping_status":"","sticky":false,"template":"","format":"standard","meta":{"footnotes":""},"categories":[2814],"tags":[1111,11,1777,674,1011,27,884,12,882,25],"class_list":{"0":"post-332547","1":"post","2":"type-post","3":"status-publish","4":"format-standard","5":"has-post-thumbnail","7":"category-marseille","8":"tag-actu","9":"tag-actualites","10":"tag-eu","11":"tag-europe","12":"tag-fr","13":"tag-france","14":"tag-marseille","15":"tag-news","16":"tag-provence-alpes-cote-dazur","17":"tag-republique-francaise"},"share_on_mastodon":{"url":"https:\/\/pubeurope.com\/@fr\/115063424675954148","error":""},"_links":{"self":[{"href":"https:\/\/www.europesays.com\/fr\/wp-json\/wp\/v2\/posts\/332547","targetHints":{"allow":["GET"]}}],"collection":[{"href":"https:\/\/www.europesays.com\/fr\/wp-json\/wp\/v2\/posts"}],"about":[{"href":"https:\/\/www.europesays.com\/fr\/wp-json\/wp\/v2\/types\/post"}],"author":[{"embeddable":true,"href":"https:\/\/www.europesays.com\/fr\/wp-json\/wp\/v2\/users\/2"}],"replies":[{"embeddable":true,"href":"https:\/\/www.europesays.com\/fr\/wp-json\/wp\/v2\/comments?post=332547"}],"version-history":[{"count":0,"href":"https:\/\/www.europesays.com\/fr\/wp-json\/wp\/v2\/posts\/332547\/revisions"}],"wp:featuredmedia":[{"embeddable":true,"href":"https:\/\/www.europesays.com\/fr\/wp-json\/wp\/v2\/media\/332548"}],"wp:attachment":[{"href":"https:\/\/www.europesays.com\/fr\/wp-json\/wp\/v2\/media?parent=332547"}],"wp:term":[{"taxonomy":"category","embeddable":true,"href":"https:\/\/www.europesays.com\/fr\/wp-json\/wp\/v2\/categories?post=332547"},{"taxonomy":"post_tag","embeddable":true,"href":"https:\/\/www.europesays.com\/fr\/wp-json\/wp\/v2\/tags?post=332547"}],"curies":[{"name":"wp","href":"https:\/\/api.w.org\/{rel}","templated":true}]}}