{"id":332549,"date":"2025-08-20T22:21:20","date_gmt":"2025-08-20T22:21:20","guid":{"rendered":"https:\/\/www.europesays.com\/fr\/332549\/"},"modified":"2025-08-20T22:21:20","modified_gmt":"2025-08-20T22:21:20","slug":"bobolivo-restaurant-a-marseille-avis-adresse-et-horaires-du-restaurant-cuisine-au-feu-de-bois","status":"publish","type":"post","link":"https:\/\/www.europesays.com\/fr\/332549\/","title":{"rendered":"Bobolivo restaurant \u00e0 Marseille &#8211; Avis, adresse et horaires du restaurant cuisine au feu de bois"},"content":{"rendered":"<p>En d\u00e9ambulant dans les ruelles du Panier, je suis tomb\u00e9 sur un v\u00e9ritable joyau gastronomique marseillais. Le <strong>restaurant Bobolivo<\/strong>, install\u00e9 depuis 2005 dans ce quartier embl\u00e9matique, a su s\u2019imposer comme une r\u00e9f\u00e9rence incontournable. Rachet\u00e9 par Julien Pauly en 2010, cet \u00e9tablissement c\u00e9l\u00e8bre ses 19 ans en 2024. Sa r\u00e9putation s\u2019est construite autour d\u2019une <strong>cuisine authentique au feu de bois<\/strong> qui ravit les papilles des locaux et touristes. Situ\u00e9 \u00e0 la jonction parfaite entre le Vieux-Port et le quartier historique, le Bobolivo incarne l\u2019\u00e2me culinaire de la cit\u00e9 phoc\u00e9enne.<\/p>\n<p>O\u00f9 trouver le Bobolivo, restaurant incontournable du Panier \u00e0 Marseille ?<\/p>\n<p>Tu rep\u00e9reras facilement ce <strong>bistrot marseillais typique<\/strong> gr\u00e2ce \u00e0 sa fa\u00e7ade arrondie caract\u00e9ristique au 29 rue Caisserie, dans le 2\u00e8me arrondissement. Ce lieu strat\u00e9gique, entre l\u2019effervescence du Vieux-Port et le charme des ruelles du Panier, en fait un point de ralliement id\u00e9al apr\u00e8s une journ\u00e9e de balade. J\u2019adore m\u2019y rendre en soir\u00e9e, quand le service commence \u00e0 19h30 et que l\u2019ambiance du quartier devient magique.<\/p>\n<p>Pour t\u2019y rendre, plusieurs options s\u2019offrent \u00e0 toi :<\/p>\n<ul>\n<li>Le m\u00e9tro ligne 1, arr\u00eat Vieux-Port, puis 5 minutes \u00e0 pied<\/li>\n<li>Le bus 49, arr\u00eat Panier<\/li>\n<li>\u00c0 pied depuis la Canebi\u00e8re (environ 15 minutes)<\/li>\n<\/ul>\n<p>La r\u00e9servation par t\u00e9l\u00e9phone est vivement conseill\u00e9e, surtout les soirs de match quand toute la ville s\u2019anime ! Ce <strong>phare gastronomique du quartier<\/strong> ne d\u00e9semplit jamais, t\u00e9moignage de son ancrage profond dans le paysage marseillais.<\/p>\n<p>La cuisine au feu de bois, sp\u00e9cialit\u00e9 du restaurant Bobolivo<br \/>\nSp\u00e9cialit\u00e9s fran\u00e7aises et proven\u00e7ales<\/p>\n<p>L\u2019\u00e2me du Bobolivo r\u00e9side dans son imposant <strong>grill au feu de bois<\/strong> tr\u00f4nant au centre de la salle. J\u2019y ai d\u00e9gust\u00e9 une souris d\u2019agneau confite qui fond litt\u00e9ralement en bouche, sublim\u00e9e par les herbes de Provence. La carte propose un festival de grillades, de l\u2019entrec\u00f4te argentine \u00e0 l\u2019andouillette sur lit d\u2019oignons caram\u00e9lis\u00e9s.<\/p>\n<p>Les amateurs de viande appr\u00e9cieront particuli\u00e8rement :<\/p>\n<ol>\n<li>L\u2019\u00e9minc\u00e9 de bavette persillade, un classique revisit\u00e9 avec brio<\/li>\n<li>Le tartare de b\u0153uf pr\u00e9par\u00e9 \u00e0 la minute<\/li>\n<li>L\u2019a\u00efoli traditionnel, v\u00e9ritable institution proven\u00e7ale<\/li>\n<\/ol>\n<p>La qualit\u00e9 des ingr\u00e9dients et des pr\u00e9parations<\/p>\n<p>Les <strong>pizzas cuites au four \u00e0 bois<\/strong> constituent une autre sp\u00e9cialit\u00e9 immanquable. Leur p\u00e2te mature pendant 48h et utilise des farines bio moulues \u00e0 la pierre. J\u2019ai craqu\u00e9 pour la marinara aux anchois de Cetara et la margherita garnie de mozzarella fior di latte. En ap\u00e9ro, ne manque pas les sardines grill\u00e9es ou le camembert brais\u00e9, accompagn\u00e9s d\u2019un pastis bien frais.<\/p>\n<p><img loading=\"lazy\" width=\"1344\" height=\"896\" decoding=\"async\" src=\"data:image\/svg+xml,%3Csvg%20xmlns=\" http:=\"\" alt=\"Pizza napolitaine aux sardines sur plateau en bois rustique\" data-lazy-src=\"https:\/\/www.europesays.com\/fr\/wp-content\/uploads\/2025\/08\/pizza_aux_sardines_artisanale_7693.jpg\"\/><\/p>\n<p>Une exp\u00e9rience conviviale : ambiance et services du Bobolivo<br \/>\nUn service attentionn\u00e9 et convivial<\/p>\n<p>L\u2019int\u00e9rieur chaleureux avec ses <strong>rideaux rouges et meubles en bois<\/strong> te plonge imm\u00e9diatement dans une atmosph\u00e8re typiquement marseillaise. En hiver, le feu de chemin\u00e9e cr\u00e9pite pendant que l\u2019\u00e9t\u00e9, la terrasse s\u2019anime sous le soleil m\u00e9diterran\u00e9en. L\u2019\u00e9quipe, joyeuse et serviable, participe pleinement \u00e0 cette ambiance d\u00e9contract\u00e9e.<\/p>\n<p><a href=\"https:\/\/www.present.fr\/vivre-bali-guide-complet-sexpatrier-france-conseils-pratiques-partir\/\" target=\"_blank\" rel=\"noopener\"><br \/>\n  <img loading=\"lazy\" decoding=\"async\" width=\"1298\" height=\"560\" src=\"data:image\/svg+xml,%3Csvg%20xmlns=\" http:=\"\" alt=\"Vivre \u00e0 Bali\" style=\"width:100%; height:auto;\" data-lazy-src=\"https:\/\/www.europesays.com\/fr\/wp-content\/uploads\/2025\/07\/Design-sans-titre-2025-06-23T141323.113.jpg\"\/><br \/>\n<\/a><\/p>\n<p>Ce que j\u2019appr\u00e9cie particuli\u00e8rement :<\/p>\n<ul>\n<li>Pas de syst\u00e8me de deux services, tu profites pleinement de ton moment<\/li>\n<li>Un personnel attentif qui partage volontiers ses conseils sur les plats<\/li>\n<li>Des cocktails rafra\u00eechissants, dont le fameux \u00ab\u00a0Frozen Mojito\u00a0\u00bb estival<\/li>\n<\/ul>\n<p>Des tarifs adapt\u00e9s \u00e0 toutes les occasions<\/p>\n<p>Avec une <strong>formule d\u00e9jeuner \u00e0 21\u20ac<\/strong> et des prix \u00e0 la carte oscillant entre 30 et 40\u20ac, le Bobolivo offre un rapport qualit\u00e9-prix remarquable. L\u2019\u00e9tablissement accueille \u00e9galement les groupes pour c\u00e9l\u00e9brer tous les moments importants de la vie marseillaise.<\/p>\n<p><img loading=\"lazy\" decoding=\"async\" width=\"150\" height=\"150\" src=\"data:image\/svg+xml,%3Csvg%20xmlns=\" http:=\"\" class=\"attachment-150x150 size-150x150\" alt=\"\" itemprop=\"image\" data-lazy- data-lazy- data-lazy-src=\"https:\/\/www.europesays.com\/fr\/wp-content\/uploads\/2025\/04\/img2-150x150.png\"\/><\/p>\n<p>Je suis Adrien, r\u00e9dacteur virtuel depuis quelques ann\u00e9es. J&rsquo;aime pouvoir partager avec vous les tendances Lifestyle sur le blog News Of Marseille. J&rsquo;esp\u00e8re que vous prendrez plaisir \u00e0 lire mes articles !<\/p>\n<p>Partagez l&rsquo;article ou suivez nous !<\/p>\n<p>\n\tNos images sont \u00e0 but illustratif et peuvent ne pas repr\u00e9senter la r\u00e9alit\u00e9<\/p>\n","protected":false},"excerpt":{"rendered":"En d\u00e9ambulant dans les ruelles du Panier, je suis tomb\u00e9 sur un v\u00e9ritable joyau gastronomique marseillais. Le restaurant&hellip;\n","protected":false},"author":2,"featured_media":332550,"comment_status":"","ping_status":"","sticky":false,"template":"","format":"standard","meta":{"footnotes":""},"categories":[2814],"tags":[46972,46973,1111,11,1777,674,1011,27,9039,884,12,882,46450,25],"class_list":{"0":"post-332549","1":"post","2":"type-post","3":"status-publish","4":"format-standard","5":"has-post-thumbnail","7":"category-marseille","8":"tag-acces-a-lauthenticite-locale","9":"tag-acces-a-la-gastronomie-raffinee","10":"tag-actu","11":"tag-actualites","12":"tag-eu","13":"tag-europe","14":"tag-fr","15":"tag-france","16":"tag-gastronomie-marseillaise","17":"tag-marseille","18":"tag-news","19":"tag-provence-alpes-cote-dazur","20":"tag-quartier-du-panier","21":"tag-republique-francaise"},"share_on_mastodon":{"url":"https:\/\/pubeurope.com\/@fr\/115063428439296841","error":""},"_links":{"self":[{"href":"https:\/\/www.europesays.com\/fr\/wp-json\/wp\/v2\/posts\/332549","targetHints":{"allow":["GET"]}}],"collection":[{"href":"https:\/\/www.europesays.com\/fr\/wp-json\/wp\/v2\/posts"}],"about":[{"href":"https:\/\/www.europesays.com\/fr\/wp-json\/wp\/v2\/types\/post"}],"author":[{"embeddable":true,"href":"https:\/\/www.europesays.com\/fr\/wp-json\/wp\/v2\/users\/2"}],"replies":[{"embeddable":true,"href":"https:\/\/www.europesays.com\/fr\/wp-json\/wp\/v2\/comments?post=332549"}],"version-history":[{"count":0,"href":"https:\/\/www.europesays.com\/fr\/wp-json\/wp\/v2\/posts\/332549\/revisions"}],"wp:featuredmedia":[{"embeddable":true,"href":"https:\/\/www.europesays.com\/fr\/wp-json\/wp\/v2\/media\/332550"}],"wp:attachment":[{"href":"https:\/\/www.europesays.com\/fr\/wp-json\/wp\/v2\/media?parent=332549"}],"wp:term":[{"taxonomy":"category","embeddable":true,"href":"https:\/\/www.europesays.com\/fr\/wp-json\/wp\/v2\/categories?post=332549"},{"taxonomy":"post_tag","embeddable":true,"href":"https:\/\/www.europesays.com\/fr\/wp-json\/wp\/v2\/tags?post=332549"}],"curies":[{"name":"wp","href":"https:\/\/api.w.org\/{rel}","templated":true}]}}