{"id":332553,"date":"2025-08-20T22:23:19","date_gmt":"2025-08-20T22:23:19","guid":{"rendered":"https:\/\/www.europesays.com\/fr\/332553\/"},"modified":"2025-08-20T22:23:19","modified_gmt":"2025-08-20T22:23:19","slug":"lyon-au-point-du-jour-en-pleine-canicule-nous-navions-plus-un-seul-point-deau-sur-la-place-benedict-tessier","status":"publish","type":"post","link":"https:\/\/www.europesays.com\/fr\/332553\/","title":{"rendered":"Lyon. Au Point-du-Jour, en pleine canicule, \u00ab\u00a0nous n\u2019avions plus un seul point d\u2019eau sur la place B\u00e9n\u00e9dict-Tessier\u00a0\u00bb"},"content":{"rendered":"<p>Nicole Mannier l\u2019aime son quartier du Point-du-Jour, dans les hauteurs du 5e  arrondissement de Lyon. \u00ab\u00a0C\u2019est l\u2019origine du quartier, tr\u00e8s rurale qui nous a s\u00e9duits mon \u00e9poux et moi et incit\u00e9s \u00e0 nous y installer en 2002\u00a0\u00bb. L\u2019aspect village, le calme, la pr\u00e9sence de nombreux commerces de quartier, un march\u00e9 deux fois par semaine et une bonne desserte de bus ont \u00e9t\u00e9 autant d\u2019arguments pour convaincre le couple.<\/p>\n<p>Aux beaux jours, la place B\u00e9n\u00e9dict-Tessier, centrale dans le quartier, s\u2019anime, elle aussi. \u00ab\u00a0On s\u2019y installe \u00e0 l\u2019ombre des platanes, les enfants viennent y jouer\u00a0\u00bb, relate la sexag\u00e9naire&#8230;.<\/p>\n","protected":false},"excerpt":{"rendered":"Nicole Mannier l\u2019aime son quartier du Point-du-Jour, dans les hauteurs du 5e arrondissement de Lyon. \u00ab\u00a0C\u2019est l\u2019origine du&hellip;\n","protected":false},"author":2,"featured_media":332554,"comment_status":"","ping_status":"","sticky":false,"template":"","format":"standard","meta":{"footnotes":""},"categories":[1889],"tags":[1111,11,2430,6698,2757,436,1777,674,1011,27,2428,2756,12,25,2429,71,12817],"class_list":{"0":"post-332553","1":"post","2":"type-post","3":"status-publish","4":"format-standard","5":"has-post-thumbnail","7":"category-lyon","8":"tag-actu","9":"tag-actualites","10":"tag-auvergne-rhone-alpes","11":"tag-canicule","12":"tag-edition-lyon-villeurbanne","13":"tag-environnement","14":"tag-eu","15":"tag-europe","16":"tag-fr","17":"tag-france","18":"tag-lyon","19":"tag-lyon-bassin","20":"tag-news","21":"tag-republique-francaise","22":"tag-rhone","23":"tag-sante","24":"tag-secheresse"},"share_on_mastodon":{"url":"https:\/\/pubeurope.com\/@fr\/115063436259478001","error":""},"_links":{"self":[{"href":"https:\/\/www.europesays.com\/fr\/wp-json\/wp\/v2\/posts\/332553","targetHints":{"allow":["GET"]}}],"collection":[{"href":"https:\/\/www.europesays.com\/fr\/wp-json\/wp\/v2\/posts"}],"about":[{"href":"https:\/\/www.europesays.com\/fr\/wp-json\/wp\/v2\/types\/post"}],"author":[{"embeddable":true,"href":"https:\/\/www.europesays.com\/fr\/wp-json\/wp\/v2\/users\/2"}],"replies":[{"embeddable":true,"href":"https:\/\/www.europesays.com\/fr\/wp-json\/wp\/v2\/comments?post=332553"}],"version-history":[{"count":0,"href":"https:\/\/www.europesays.com\/fr\/wp-json\/wp\/v2\/posts\/332553\/revisions"}],"wp:featuredmedia":[{"embeddable":true,"href":"https:\/\/www.europesays.com\/fr\/wp-json\/wp\/v2\/media\/332554"}],"wp:attachment":[{"href":"https:\/\/www.europesays.com\/fr\/wp-json\/wp\/v2\/media?parent=332553"}],"wp:term":[{"taxonomy":"category","embeddable":true,"href":"https:\/\/www.europesays.com\/fr\/wp-json\/wp\/v2\/categories?post=332553"},{"taxonomy":"post_tag","embeddable":true,"href":"https:\/\/www.europesays.com\/fr\/wp-json\/wp\/v2\/tags?post=332553"}],"curies":[{"name":"wp","href":"https:\/\/api.w.org\/{rel}","templated":true}]}}