{"id":332557,"date":"2025-08-20T22:29:12","date_gmt":"2025-08-20T22:29:12","guid":{"rendered":"https:\/\/www.europesays.com\/fr\/332557\/"},"modified":"2025-08-20T22:29:12","modified_gmt":"2025-08-20T22:29:12","slug":"un-participant-a-une-rave-party-illegale-en-isere-condamne-a-un-an-de-prison-avec-sursis-pour-violences-sur-un-gendarme","status":"publish","type":"post","link":"https:\/\/www.europesays.com\/fr\/332557\/","title":{"rendered":"Un participant \u00e0 une rave-party ill\u00e9gale en Is\u00e8re condamn\u00e9 \u00e0 un an de prison avec sursis pour violences sur un gendarme"},"content":{"rendered":"\n<p class=\"c-chapo \">\n  Une rave-party dans un champ priv\u00e9 \u00e0 Cour-et-Buis dans l&rsquo;Is\u00e8re ce week-end a \u00e9t\u00e9 le th\u00e9\u00e2tre d&rsquo;affrontements entre les forces de l&rsquo;ordre et les participants.\n<\/p>\n<p>            lire plus tard<\/p>\n<p id=\"dialog__title\" class=\"dialog__title\">Pour sauvegarder cet article, connectez-vous ou cr\u00e9ez un compte franceinfo<\/p>\n<p class=\"dialog__description\">Sans paiement. Sans abonnement.<\/p>\n<p>        Fermer la fen\u00eatre d\u2019activation des notifications France Info<\/p>\n<p>            cr\u00e9er votre compte<\/p>\n<p>            se connecter<\/p>\n<p>        Fermer la fen\u00eatre de pr\u00e9sentation<\/p>\n<p>    <img loading=\"lazy\" decoding=\"async\" class=\"signature__image lazyload\" width=\"100\" height=\"100\" data- alt=\"\" src=\"https:\/\/www.europesays.com\/fr\/wp-content\/uploads\/2025\/05\/64a7df4c5fe71_placeholder-36b69ec8.png\"\/><\/p>\n<p>    Publi\u00e9 le 20\/08\/2025 22:47<\/p>\n<p>        Temps de lecture : 1min<\/p>\n<p>    <img decoding=\"async\"  alt=\"Is\u00e8re : un millier de f\u00eatards rassembl\u00e9s \u00e0 une rave-party (Franceinfo)\" width=\"432\" height=\"243\" src=\"https:\/\/www.europesays.com\/fr\/wp-content\/uploads\/2025\/08\/isere-une-rave-party-rassemble-68a1831384b31816220999.jpg\" fetchpriority=\"high\"\/><\/p>\n<p>      Is\u00e8re : un millier de f\u00eatards rassembl\u00e9s \u00e0 une rave-party (Franceinfo)<\/p>\n<p>Un participant \u00e0 la rave-party ill\u00e9gale qui a eu lieu ce week-end \u00e0 Cour-et-Buis (Is\u00e8re) a \u00e9t\u00e9 condamn\u00e9 \u00e0 un an de prison avec sursis, rapporte mercredi 20 ao\u00fbt<a href=\"https:\/\/www.francebleu.fr\/infos\/faits-divers-justice\/rave-party-a-cours-et-buis-un-homme-de-26-ans-condamne-a-de-la-prison-avec-sursis-8524777\" target=\"_blank\" rel=\"noopener nofollow\"> ICI Is\u00e8re (ex-France Bleu)<\/a>. Il \u00e9tait jug\u00e9 en comparution imm\u00e9diate devant le tribunal judiciaire de Vienne pour violences sur un gendarme et refus d&rsquo;obtemp\u00e9rer aggrav\u00e9.<\/p>\n<p>L&rsquo;homme, \u00e2g\u00e9 de 26 ans, a \u00e9t\u00e9 reconnu coupable de \u00ab\u00a0violences sur un militaire de la gendarmerie aggrav\u00e9 par l\u2019usage d\u2019une arme, refus d\u2019obtemp\u00e9rer aggrav\u00e9 par la mise en danger de la vie d\u2019autrui et refus d\u2019obtemp\u00e9rer aggrav\u00e9 par la mise en danger des militaires de la gendarmerie\u00a0\u00bb, indique ce mercredi soir le procureur de la R\u00e9publique de Vienne Olivier Rabot.<\/p>\n<p>Le pr\u00e9venu avait \u00e9t\u00e9 condamn\u00e9 l&rsquo;an dernier pour avoir organis\u00e9 sans autorisation un \u00ab\u00a0rassemblement festif \u00e0 caract\u00e8re musical\u00a0\u00bb. Il dispose de dix jours pour faire appel. La rave-party ill\u00e9gale a d\u00e9but\u00e9 vendredi soir vers 23h. Au plus fort de l&rsquo;\u00e9v\u00e9nement, pr\u00e8s d&rsquo;un millier de personnes se sont r\u00e9unies pendant le week-end pour cette rave-party organis\u00e9e dans un champ priv\u00e9. Lundi, \u00e0 la mi-journ\u00e9e, 150 personnes \u00e9taient encore r\u00e9unies sur place. Les festivit\u00e9s ont pris fin lundi soir.<\/p>\n","protected":false},"excerpt":{"rendered":"Une rave-party dans un champ priv\u00e9 \u00e0 Cour-et-Buis dans l&rsquo;Is\u00e8re ce week-end a \u00e9t\u00e9 le th\u00e9\u00e2tre d&rsquo;affrontements entre&hellip;\n","protected":false},"author":2,"featured_media":332558,"comment_status":"","ping_status":"","sticky":false,"template":"","format":"standard","meta":{"footnotes":""},"categories":[1888],"tags":[1111,1928,11,1927,1777,674,1011,27,12,1926,626,1925,25],"class_list":{"0":"post-332557","1":"post","2":"type-post","3":"status-publish","4":"format-standard","5":"has-post-thumbnail","7":"category-paris","8":"tag-actu","9":"tag-actu-paris","10":"tag-actualites","11":"tag-actualites-paris","12":"tag-eu","13":"tag-europe","14":"tag-fr","15":"tag-france","16":"tag-news","17":"tag-news-paris","18":"tag-paris","19":"tag-paris-news","20":"tag-republique-francaise"},"share_on_mastodon":{"url":"https:\/\/pubeurope.com\/@fr\/115063460396724683","error":""},"_links":{"self":[{"href":"https:\/\/www.europesays.com\/fr\/wp-json\/wp\/v2\/posts\/332557","targetHints":{"allow":["GET"]}}],"collection":[{"href":"https:\/\/www.europesays.com\/fr\/wp-json\/wp\/v2\/posts"}],"about":[{"href":"https:\/\/www.europesays.com\/fr\/wp-json\/wp\/v2\/types\/post"}],"author":[{"embeddable":true,"href":"https:\/\/www.europesays.com\/fr\/wp-json\/wp\/v2\/users\/2"}],"replies":[{"embeddable":true,"href":"https:\/\/www.europesays.com\/fr\/wp-json\/wp\/v2\/comments?post=332557"}],"version-history":[{"count":0,"href":"https:\/\/www.europesays.com\/fr\/wp-json\/wp\/v2\/posts\/332557\/revisions"}],"wp:featuredmedia":[{"embeddable":true,"href":"https:\/\/www.europesays.com\/fr\/wp-json\/wp\/v2\/media\/332558"}],"wp:attachment":[{"href":"https:\/\/www.europesays.com\/fr\/wp-json\/wp\/v2\/media?parent=332557"}],"wp:term":[{"taxonomy":"category","embeddable":true,"href":"https:\/\/www.europesays.com\/fr\/wp-json\/wp\/v2\/categories?post=332557"},{"taxonomy":"post_tag","embeddable":true,"href":"https:\/\/www.europesays.com\/fr\/wp-json\/wp\/v2\/tags?post=332557"}],"curies":[{"name":"wp","href":"https:\/\/api.w.org\/{rel}","templated":true}]}}