{"id":332559,"date":"2025-08-20T22:30:15","date_gmt":"2025-08-20T22:30:15","guid":{"rendered":"https:\/\/www.europesays.com\/fr\/332559\/"},"modified":"2025-08-20T22:30:15","modified_gmt":"2025-08-20T22:30:15","slug":"le-paris-fc-soffre-les-services-du-gardien-allemand-kevin-trapp","status":"publish","type":"post","link":"https:\/\/www.europesays.com\/fr\/332559\/","title":{"rendered":"Le Paris FC s&rsquo;offre les services du gardien allemand Kevin Trapp"},"content":{"rendered":"<p><strong>Le gardien de but allemand Kevin Trapp a sign\u00e9 au Paris FC pour les trois prochaines saisons, apr\u00e8s un accord trouv\u00e9 avec son club d&rsquo;Eintracht Francfort.<\/strong><\/p>\n<p>\u00ab\u00a0Form\u00e9 au FC Kaiserslautern, Trapp totalise plus de 287 matches professionnels. Il rejoint le groupe des gardiens aux c\u00f4t\u00e9s d&rsquo;Obed Nkambadio et R\u00e9my Riou\u00a0\u00bb, a indiqu\u00e9 le club parisien sur son site web.<\/p>\n<p>L&rsquo;international allemand \u00e2g\u00e9 de 35 ans, ancien portier du PSG de 2015 \u00e0 2018, dispose du potentiel et de l&rsquo;exp\u00e9rience lui permettant d&rsquo;aider le Paris FC, nouvellement promu en ligue 1, souligne-t-on de m\u00eame source.<\/p>\n<p>S\u00e9lectionn\u00e9 par l&rsquo;entraineur de l&rsquo;\u00e9quipe allemande Hansi Flick lors de la Coupe du monde 2022, Kevin Trapp compte \u00e0 son actif sept saisons avec Eintracht Francfort et trois avec le PSG.<\/p>\n<p>En pleine r\u00e9organisation apr\u00e8s sa promotion au championnat d&rsquo;\u00e9lite, le Paris FC s\u2019est aussi offert les services du d\u00e9fenseur br\u00e9silien Otavio (FC Porto), du lat\u00e9ral Nhoa Sangui (Stade de Reims) et de l&rsquo;ailier nig\u00e9rian Moses Simon (FC Nantes).<br \/>\u00a0<\/p>\n","protected":false},"excerpt":{"rendered":"Le gardien de but allemand Kevin Trapp a sign\u00e9 au Paris FC pour les trois prochaines saisons, apr\u00e8s&hellip;\n","protected":false},"author":2,"featured_media":332560,"comment_status":"","ping_status":"","sticky":false,"template":"","format":"standard","meta":{"footnotes":""},"categories":[1888],"tags":[1111,1928,11,1927,1777,674,63,1011,27,45591,12,1926,626,445,1925,25],"class_list":{"0":"post-332559","1":"post","2":"type-post","3":"status-publish","4":"format-standard","5":"has-post-thumbnail","7":"category-paris","8":"tag-actu","9":"tag-actu-paris","10":"tag-actualites","11":"tag-actualites-paris","12":"tag-eu","13":"tag-europe","14":"tag-football","15":"tag-fr","16":"tag-france","17":"tag-kevin-trapp","18":"tag-news","19":"tag-news-paris","20":"tag-paris","21":"tag-paris-fc","22":"tag-paris-news","23":"tag-republique-francaise"},"share_on_mastodon":{"url":"https:\/\/pubeurope.com\/@fr\/115063463851096031","error":""},"_links":{"self":[{"href":"https:\/\/www.europesays.com\/fr\/wp-json\/wp\/v2\/posts\/332559","targetHints":{"allow":["GET"]}}],"collection":[{"href":"https:\/\/www.europesays.com\/fr\/wp-json\/wp\/v2\/posts"}],"about":[{"href":"https:\/\/www.europesays.com\/fr\/wp-json\/wp\/v2\/types\/post"}],"author":[{"embeddable":true,"href":"https:\/\/www.europesays.com\/fr\/wp-json\/wp\/v2\/users\/2"}],"replies":[{"embeddable":true,"href":"https:\/\/www.europesays.com\/fr\/wp-json\/wp\/v2\/comments?post=332559"}],"version-history":[{"count":0,"href":"https:\/\/www.europesays.com\/fr\/wp-json\/wp\/v2\/posts\/332559\/revisions"}],"wp:featuredmedia":[{"embeddable":true,"href":"https:\/\/www.europesays.com\/fr\/wp-json\/wp\/v2\/media\/332560"}],"wp:attachment":[{"href":"https:\/\/www.europesays.com\/fr\/wp-json\/wp\/v2\/media?parent=332559"}],"wp:term":[{"taxonomy":"category","embeddable":true,"href":"https:\/\/www.europesays.com\/fr\/wp-json\/wp\/v2\/categories?post=332559"},{"taxonomy":"post_tag","embeddable":true,"href":"https:\/\/www.europesays.com\/fr\/wp-json\/wp\/v2\/tags?post=332559"}],"curies":[{"name":"wp","href":"https:\/\/api.w.org\/{rel}","templated":true}]}}