{"id":332561,"date":"2025-08-20T22:31:15","date_gmt":"2025-08-20T22:31:15","guid":{"rendered":"https:\/\/www.europesays.com\/fr\/332561\/"},"modified":"2025-08-20T22:31:15","modified_gmt":"2025-08-20T22:31:15","slug":"avec-la-fumee-je-ne-savais-plus-ou-poser-mes-pieds-a-villejuif-le-choc-apres-lincendie-dans-un-immeuble","status":"publish","type":"post","link":"https:\/\/www.europesays.com\/fr\/332561\/","title":{"rendered":"\u00ab\u00a0Avec la fum\u00e9e, je ne savais plus o\u00f9 poser mes pieds \u00bb : \u00e0 Villejuif, le choc apr\u00e8s l\u2019incendie dans un immeuble"},"content":{"rendered":"<p class=\"paragraph text_align_left lp-f-body-02\">La voix de Josiane tremble encore. \u00c0 77 ans, la retrait\u00e9e, fragilis\u00e9e par des probl\u00e8mes pulmonaires, revient \u00e0 peine de l\u2019h\u00f4pital. Ce mercredi matin, devant l\u2019immeuble noirci par l\u2019incendie qui s\u2019est d\u00e9clar\u00e9 ce mardi, elle s\u2019appuie sur son fils venu la chercher. Dans quelques heures, elle quittera <a href=\"https:\/\/www.leparisien.fr\/val-de-marne-94\/faire-oeuvre-utile-a-villejuif-des-appartements-promis-a-la-demolition-deviennent-des-refuges-pour-femmes-battues-23-07-2025-DPS4G4QHHNBILKH2SYZYT2TOSE.php\" target=\"_self\" rel=\"noopener\">Villejuif<\/a> (Val-de-Marne) pour s\u2019installer chez lui, en <a href=\"https:\/\/www.leparisien.fr\/seine-et-marne-77\/cest-vraiment-plus-calme-a-la-plage-de-meaux-la-fin-de-la-gratuite-pour-tous-a-resolu-la-surfrequentation-18-08-2025-RMOZU6XN5RE5LLJ6HZCTAJLERQ.php\" target=\"_self\" rel=\"noopener\">Seine-et-Marne<\/a>, dans l\u2019attente d\u2019une solution de relogement. \u00ab J\u2019ai besoin d\u2019\u00eatre chouchout\u00e9e, souffle-t-elle. Et puis, je vais pouvoir \u00eatre toute la journ\u00e9e avec mes petits-enfants. \u00bb<\/p>\n<p class=\"paragraph text_align_left lp-f-body-02\">Tout autour d\u2019elle, les voisins s\u2019attardent, gobelets de caf\u00e9 \u00e0 la main. L\u2019odeur \u00e2cre de fum\u00e9e colle encore aux murs. Les conversations s\u2019encha\u00eenent dans un m\u00e9lange de fatigue et de sid\u00e9ration. On refait le film de la veille, on d\u00e9signe des responsables, on partage les nouvelles de ceux qui sont encore hospitalis\u00e9s. Le traumatisme de l\u2019incendie reste dans toutes les t\u00eates.<\/p>\n","protected":false},"excerpt":{"rendered":"La voix de Josiane tremble encore. \u00c0 77 ans, la retrait\u00e9e, fragilis\u00e9e par des probl\u00e8mes pulmonaires, revient \u00e0&hellip;\n","protected":false},"author":2,"featured_media":332562,"comment_status":"","ping_status":"","sticky":false,"template":"","format":"standard","meta":{"footnotes":""},"categories":[1888],"tags":[11,1777,674,118,1011,27,1944,12,626,25,1125,46974],"class_list":{"0":"post-332561","1":"post","2":"type-post","3":"status-publish","4":"format-standard","5":"has-post-thumbnail","7":"category-paris","8":"tag-actualites","9":"tag-eu","10":"tag-europe","11":"tag-faits-divers","12":"tag-fr","13":"tag-france","14":"tag-ma-ville","15":"tag-news","16":"tag-paris","17":"tag-republique-francaise","18":"tag-val-de-marne","19":"tag-villejuif-94800"},"share_on_mastodon":{"url":"https:\/\/pubeurope.com\/@fr\/115063467742230363","error":""},"_links":{"self":[{"href":"https:\/\/www.europesays.com\/fr\/wp-json\/wp\/v2\/posts\/332561","targetHints":{"allow":["GET"]}}],"collection":[{"href":"https:\/\/www.europesays.com\/fr\/wp-json\/wp\/v2\/posts"}],"about":[{"href":"https:\/\/www.europesays.com\/fr\/wp-json\/wp\/v2\/types\/post"}],"author":[{"embeddable":true,"href":"https:\/\/www.europesays.com\/fr\/wp-json\/wp\/v2\/users\/2"}],"replies":[{"embeddable":true,"href":"https:\/\/www.europesays.com\/fr\/wp-json\/wp\/v2\/comments?post=332561"}],"version-history":[{"count":0,"href":"https:\/\/www.europesays.com\/fr\/wp-json\/wp\/v2\/posts\/332561\/revisions"}],"wp:featuredmedia":[{"embeddable":true,"href":"https:\/\/www.europesays.com\/fr\/wp-json\/wp\/v2\/media\/332562"}],"wp:attachment":[{"href":"https:\/\/www.europesays.com\/fr\/wp-json\/wp\/v2\/media?parent=332561"}],"wp:term":[{"taxonomy":"category","embeddable":true,"href":"https:\/\/www.europesays.com\/fr\/wp-json\/wp\/v2\/categories?post=332561"},{"taxonomy":"post_tag","embeddable":true,"href":"https:\/\/www.europesays.com\/fr\/wp-json\/wp\/v2\/tags?post=332561"}],"curies":[{"name":"wp","href":"https:\/\/api.w.org\/{rel}","templated":true}]}}