{"id":332563,"date":"2025-08-20T22:32:11","date_gmt":"2025-08-20T22:32:11","guid":{"rendered":"https:\/\/www.europesays.com\/fr\/332563\/"},"modified":"2025-08-20T22:32:11","modified_gmt":"2025-08-20T22:32:11","slug":"a-paris-une-enquete-ouverte-apres-des-soupcons-de-violences-policieres-contre-deux-afghans","status":"publish","type":"post","link":"https:\/\/www.europesays.com\/fr\/332563\/","title":{"rendered":"\u00c0 Paris, une enqu\u00eate ouverte apr\u00e8s des soup\u00e7ons de violences polici\u00e8res contre deux Afghans"},"content":{"rendered":"<p>Le parquet de Paris a ouvert une enqu\u00eate sur des soup\u00e7ons de violences polici\u00e8res contre deux Afghans interpell\u00e9s le 4 ao\u00fbt dans un campement de fortune de la capitale, a indiqu\u00e9 mercredi l\u2019avocat des plaignants.<\/p>\n<p>L\u2019enqu\u00eate visant des officiers de police, confi\u00e9e \u00e0 l\u2019IGPN (Inspection g\u00e9n\u00e9rale de la Police nationale), a \u00e9t\u00e9 ouverte pour \u00ab violences avec arme, destruction et d\u00e9gradation de biens, et injures publiques en raison de l\u2019origine \u00bb, a d\u00e9taill\u00e9 <a href=\"https:\/\/www.mediapart.fr\/journal\/france\/190825\/deux-jeunes-afghans-racontent-les-sevices-subis-dans-un-commissariat-parisien\" target=\"_blank\" rel=\"noopener\">Mediapart<\/a>. Ni le parquet de Paris, ni l\u2019IGPN n\u2019ont donn\u00e9 suite aux sollicitations.<\/p>\n<p>\u00ab Coups de pied et de poings \u00bb<\/p>\n<p>L\u2019un des Afghans, \u00e2g\u00e9 de 31 ans, est \u00ab r\u00e9fugi\u00e9 politique \u00bb et l\u2019autre, 20 ans, est \u00ab en proc\u00e9dure d\u2019asile acc\u00e9l\u00e9r\u00e9e \u00bb, a assur\u00e9 leur conseil, Me Florian Bertaux.<\/p>\n<p>Selon lui, ses clients ont \u00e9t\u00e9 auditionn\u00e9s par l\u2019IGPN mi-ao\u00fbt. Il explique qu\u2019ils ont \u00e9t\u00e9 interpell\u00e9s dans un camp du quartier La Chapelle (XVIIIe), puis conduits dans un commissariat de cet arrondissement.<\/p>\n<p>Selon l\u2019avocat, au commissariat, des \u00ab coups de pied, poings \u00bb ont \u00e9t\u00e9 ass\u00e9n\u00e9s par des policiers, ainsi que \u00ab des coups port\u00e9s avec des poubelles \u00bb pos\u00e9es \u00ab sur la t\u00eate \u00bb des Afghans. Des \u00ab stylos \u00bb ont aussi \u00e9t\u00e9 \u00ab enfonc\u00e9s dans les oreilles \u00bb des deux interpell\u00e9s.<\/p>\n<p>Les policiers ont \u00ab demand\u00e9 \u00e0 l\u2019un, avec une serpilli\u00e8re, d\u2019\u00e9ponger le sang \u00bb, puis ont \u00ab frott\u00e9 la serpilli\u00e8re sur l\u2019un d\u2019eux \u00bb et voulu \u00ab mettre la serpilli\u00e8re dans la bouche de l\u2019autre, plein de sang \u00bb. Me Bertaux fait aussi \u00e9tat de \u00ab coups de ceinture dans la salle de fouilles \u00bb.<\/p>\n<blockquote><p>Les policiers ont \u00ab demand\u00e9 \u00e0 l\u2019un, avec une serpilli\u00e8re, d\u2019\u00e9ponger le sang \u00bb, puis ont \u00ab frott\u00e9 la serpilli\u00e8re sur l\u2019un d\u2019eux \u00bb et voulu \u00ab mettre la serpilli\u00e8re dans la bouche de l\u2019autre, plein de sang \u00bb<\/p><\/blockquote>\n<p>\u00ab Des actes dignes des tortionnaires libyens \u00bb<\/p>\n<p>\u00ab Si ces faits sont exacts, et il semble difficile de dire qu\u2019ils ont \u00e9t\u00e9 invent\u00e9s au vu des d\u00e9tails et de leurs propos qui n\u2019ont pas vari\u00e9, nous sommes face \u00e0 des actes dignes des tortionnaires libyens \u00bb, a r\u00e9agi Paul Alauzy, porte-parole de l\u2019association M\u00e9decins du monde (MDM) qui accompagne les deux Afghans dans leurs d\u00e9marches.<\/p>\n<p>\u00ab En saisissant l\u2019IGPN et le d\u00e9fenseur des droits, nous esp\u00e9rons que les cam\u00e9ras de surveillance du commissariat seront exploit\u00e9es et permettront de faire la lumi\u00e8re sur ce qui s\u2019est pass\u00e9 \u00bb, a-t-il ajout\u00e9.<\/p>\n<p>\u00ab Pourquoi ce sont mes deux clients qui sont interpell\u00e9s, un qui est porte-parole du camp, et un autre qui filme souvent les interventions des policiers mais est bras crois\u00e9s ce jour-l\u00e0 ? \u00bb, s\u2019est interrog\u00e9 Me Bertaux, renvoyant \u00e0 une vid\u00e9o de l\u2019interpellation mise en ligne sur le site de Mediapart.<\/p>\n<p>\u00ab Trois individus se sont oppos\u00e9s \u00e0 la police \u00bb<\/p>\n<p>La pr\u00e9fecture de police a pr\u00e9cis\u00e9 que les forces de l\u2019ordre \u00e9taient intervenues le 4 ao\u00fbt pour s\u00e9curiser les lieux \u00e0 la demande des services propret\u00e9 de la ville de Paris.<\/p>\n<p>\u00ab Trois individus se sont oppos\u00e9s \u00e0 cette action en s\u2019en prenant violemment aux forces de l\u2019ordre \u00bb et ont donc \u00ab \u00e9t\u00e9 interpell\u00e9s \u00bb, a-t-elle indiqu\u00e9.<\/p>\n<p>Les deux hommes ont \u00e9t\u00e9 rel\u00e2ch\u00e9s. Le plus \u00e2g\u00e9 est convoqu\u00e9 au tribunal correctionnel de Paris, le 3 f\u00e9vrier, pour outrage et r\u00e9bellion ayant entra\u00een\u00e9 une incapacit\u00e9 temporaire de travail (ITT) de huit jours sur une polici\u00e8re, ce qu\u2019il conteste, selon son avocat.<\/p>\n<p>Selon MDM, ce campement a re\u00e7u la visite de la m\u00eame \u00e9quipe de policiers \u00e0 cinq reprises en deux semaines.<\/p>\n","protected":false},"excerpt":{"rendered":"Le parquet de Paris a ouvert une enqu\u00eate sur des soup\u00e7ons de violences polici\u00e8res contre deux Afghans interpell\u00e9s&hellip;\n","protected":false},"author":2,"featured_media":332564,"comment_status":"","ping_status":"","sticky":false,"template":"","format":"standard","meta":{"footnotes":""},"categories":[1888],"tags":[11,765,1777,674,1011,27,12,626,1072,25,2949],"class_list":{"0":"post-332563","1":"post","2":"type-post","3":"status-publish","4":"format-standard","5":"has-post-thumbnail","7":"category-paris","8":"tag-actualites","9":"tag-en-continu","10":"tag-eu","11":"tag-europe","12":"tag-fr","13":"tag-france","14":"tag-news","15":"tag-paris","16":"tag-police","17":"tag-republique-francaise","18":"tag-violences"},"share_on_mastodon":{"url":"https:\/\/pubeurope.com\/@fr\/115063471741820831","error":""},"_links":{"self":[{"href":"https:\/\/www.europesays.com\/fr\/wp-json\/wp\/v2\/posts\/332563","targetHints":{"allow":["GET"]}}],"collection":[{"href":"https:\/\/www.europesays.com\/fr\/wp-json\/wp\/v2\/posts"}],"about":[{"href":"https:\/\/www.europesays.com\/fr\/wp-json\/wp\/v2\/types\/post"}],"author":[{"embeddable":true,"href":"https:\/\/www.europesays.com\/fr\/wp-json\/wp\/v2\/users\/2"}],"replies":[{"embeddable":true,"href":"https:\/\/www.europesays.com\/fr\/wp-json\/wp\/v2\/comments?post=332563"}],"version-history":[{"count":0,"href":"https:\/\/www.europesays.com\/fr\/wp-json\/wp\/v2\/posts\/332563\/revisions"}],"wp:featuredmedia":[{"embeddable":true,"href":"https:\/\/www.europesays.com\/fr\/wp-json\/wp\/v2\/media\/332564"}],"wp:attachment":[{"href":"https:\/\/www.europesays.com\/fr\/wp-json\/wp\/v2\/media?parent=332563"}],"wp:term":[{"taxonomy":"category","embeddable":true,"href":"https:\/\/www.europesays.com\/fr\/wp-json\/wp\/v2\/categories?post=332563"},{"taxonomy":"post_tag","embeddable":true,"href":"https:\/\/www.europesays.com\/fr\/wp-json\/wp\/v2\/tags?post=332563"}],"curies":[{"name":"wp","href":"https:\/\/api.w.org\/{rel}","templated":true}]}}