{"id":332567,"date":"2025-08-20T22:34:12","date_gmt":"2025-08-20T22:34:12","guid":{"rendered":"https:\/\/www.europesays.com\/fr\/332567\/"},"modified":"2025-08-20T22:34:12","modified_gmt":"2025-08-20T22:34:12","slug":"de-melania-trump-a-olena-zelenska-la-diplomatie-parallele-des-premieres-dames-dans-la-guerre-en-ukraine","status":"publish","type":"post","link":"https:\/\/www.europesays.com\/fr\/332567\/","title":{"rendered":"De Melania Trump \u00e0 Olena Zelenska, la diplomatie parall\u00e8le des premi\u00e8res dames dans la guerre en Ukraine"},"content":{"rendered":"<p><strong>R\u00c9CIT &#8211; <\/strong>Lors du sommet en Alaska, le pr\u00e9sident am\u00e9ricain a remis \u00e0 Vladimir Poutine une lettre r\u00e9dig\u00e9e par la First Lady, plaidant en faveur des enfants ukrainiens enlev\u00e9s par les forces Russes. Volodymyr Zelensky a remis lui aussi dans le Bureau ovale une missive de sa propre \u00e9pouse, adress\u00e9e \u00e0 Melania Trump.<\/p>\n<p class=\"fig-paragraph\">Ce fut son premier geste lors de son\u00a0<a href=\"http:\/\/www.lefigaro.fr\/international\/gerard-araud-les-sommets-d-anchorage-et-de-washington-sur-l-ukraine-visaient-precisement-a-n-aller-nulle-part-20250819\" target=\"_blank\" data-fig-type=\"Article\" rel=\"noopener nofollow\" data-gtm-custom-categorie=\"navigation\" data-gtm-custom-action=\"crossclick\" data-gtm-custom-label=\"Contextuel\" data-gtm-event=\"customEventSPE\" data-fig-domain=\"LEFIGARO\">\u00e9change lundi avec Donald Trump<\/a>. Dans ce Bureau ovale o\u00f9 le principal objectif \u00e9tait d\u2019\u00e9viter le\u00a0<a href=\"http:\/\/www.lefigaro.fr\/international\/embuscade-comedie-de-zelensky-aux-etats-unis-democrates-et-republicains-reagissent-au-clash-a-la-maison-blanche-20250301\" target=\"_blank\" data-fig-type=\"Article\" rel=\"noopener nofollow\" data-gtm-custom-categorie=\"navigation\" data-gtm-custom-action=\"crossclick\" data-gtm-custom-label=\"Contextuel\" data-gtm-event=\"customEventSPE\" data-fig-domain=\"LEFIGARO\">fiasco de sa derni\u00e8re visite<\/a>\u00a0\u00e0 Washington en f\u00e9vrier dernier, Volodymyr Zelensky a introduit son t\u00eate-\u00e0-t\u00eate avec le pr\u00e9sident am\u00e9ricain en tendant une grande enveloppe blanche. \u00abCe n\u2019est pas pour vous, c\u2019est pour votre femme\u00bb, a gliss\u00e9 avec malice le chef d\u2019\u00c9tat ukrainien au pr\u00e9sident des \u00c9tats-Unis. Cette lettre, sign\u00e9e de son \u00e9pouse\u00a0<a href=\"http:\/\/www.lefigaro.fr\/international\/donald-trump-personne-n-est-a-l-abri-avec-lui-estime-olena-zelenska-20241127\" target=\"_blank\" data-fig-type=\"Article\" rel=\"noopener nofollow\" data-gtm-custom-categorie=\"navigation\" data-gtm-custom-action=\"crossclick\" data-gtm-custom-label=\"Contextuel\" data-gtm-event=\"customEventSPE\" data-fig-domain=\"LEFIGARO\">Olena Zelenska<\/a>, venait remercier la premi\u00e8re dame am\u00e9ricaine Melania Trump de son geste, quatre jours plus t\u00f4t, lors du sommet russo-am\u00e9ricain en Alaska. La premi\u00e8re dame avait confi\u00e9 \u00e0 son mari une missive \u00e0 l\u2019attention du pr\u00e9sident russe Vladimir Poutine, o\u00f9 elle d\u00e9veloppait un plaidoyer en faveur des\u00a0<a href=\"http:\/\/www.lefigaro.fr\/lefigaromagazine\/ils-les-enlevent-pour-leur-laver-le-cerveau-sur-le-front-l-enfance-bouleversee-des-enfants-ukrainiens-20250221\" target=\"_blank\" data-fig-type=\"Article\" rel=\"noopener nofollow\" data-gtm-custom-categorie=\"navigation\" data-gtm-custom-action=\"crossclick\" data-gtm-custom-label=\"Contextuel\" data-gtm-event=\"customEventSPE\" data-fig-domain=\"LEFIGARO\">milliers d\u2019enfants ukrainiens enlev\u00e9s<\/a>\u00a0dans les zones conquises par les Russes depuis le d\u00e9but de la guerre, en f\u00e9vrier 2022.<\/p>\n<p class=\"fig-paragraph\">\u00abTous les enfants partagent les m\u00eames r\u00eaves (&#8230;) d\u2019amour, de possibilit\u00e9s et de s\u00e9curit\u00e9 face au danger\u00bb<\/p>\n<p class=\"fig-premium-paywall__infos\">\n        Cet article est r\u00e9serv\u00e9 aux abonn\u00e9s.        Il vous reste 83% \u00e0 d\u00e9couvrir.\n    <\/p>\n<p>                <img  data- alt=\"Le Figaro\" class=\"fig-img--complete fig-img\"\/><\/p>\n<p class=\"fig-premium-paywall__title\">Vente Flash<\/p>\n<p class=\"fig-premium-paywall__subtitle\">4,99\u20ac par mois pendant 12 mois. Sans engagement<\/p>\n<p class=\"fig-premium-paywall__connect\">\n                D\u00e9j\u00e0 abonn\u00e9\u00a0?                <a class=\"fig-premium-paywall__connect-link\" href=\"https:\/\/connect.lefigaro.fr\/login?client=horizon_web&amp;type=main&amp;redirect_uri=https%3A%2F%2Fwww.lefigaro.fr%2Finternational%2Fde-melania-trump-a-olena-zelenska-la-diplomatie-parallele-des-premieres-dames-dans-la-guerre-en-ukraine-20250820\" data-js-gtm=\"{&quot;customCategorie&quot;: &quot;conversion&quot;, &quot;customAction&quot;: &quot;before_Landing_Connexion_paywall_auto&quot;, &quot;customLabel&quot;: &quot;bGVmaWdhcm8uZnJfXzFmMDdkYTE1LTgyNDktNmQyYS1hODMwLTk5Y2ZjODM3MjVmOF9fQXJ0aWNsZQ==_De Melania Trump \u00e0 Olena Zelenska, la diplomatie parall\u00e8le des premi\u00e8res dames dans la guerre en Ukraine_99&quot;, &quot;customIDSPE&quot;: &quot;bGVmaWdhcm8uZnJfXzFmMDdkYTE1LTgyNDktNmQyYS1hODMwLTk5Y2ZjODM3MjVmOF9fQXJ0aWNsZQ==&quot;, &quot;event&quot;: &quot;customEventSPE&quot;}\" rel=\"nofollow noopener\" target=\"_blank\"><br \/>\n                    Connectez-vous<br \/>\n                <\/a>\n            <\/p>\n","protected":false},"excerpt":{"rendered":"R\u00c9CIT &#8211; Lors du sommet en Alaska, le pr\u00e9sident am\u00e9ricain a remis \u00e0 Vladimir Poutine une lettre r\u00e9dig\u00e9e&hellip;\n","protected":false},"author":2,"featured_media":332568,"comment_status":"","ping_status":"","sticky":false,"template":"","format":"standard","meta":{"footnotes":""},"categories":[1590],"tags":[11,1777,674,12,132,220],"class_list":{"0":"post-332567","1":"post","2":"type-post","3":"status-publish","4":"format-standard","5":"has-post-thumbnail","7":"category-ukraine","8":"tag-actualites","9":"tag-eu","10":"tag-europe","11":"tag-news","12":"tag-russie","13":"tag-ukraine"},"share_on_mastodon":{"url":"https:\/\/pubeurope.com\/@fr\/115063479635753272","error":""},"_links":{"self":[{"href":"https:\/\/www.europesays.com\/fr\/wp-json\/wp\/v2\/posts\/332567","targetHints":{"allow":["GET"]}}],"collection":[{"href":"https:\/\/www.europesays.com\/fr\/wp-json\/wp\/v2\/posts"}],"about":[{"href":"https:\/\/www.europesays.com\/fr\/wp-json\/wp\/v2\/types\/post"}],"author":[{"embeddable":true,"href":"https:\/\/www.europesays.com\/fr\/wp-json\/wp\/v2\/users\/2"}],"replies":[{"embeddable":true,"href":"https:\/\/www.europesays.com\/fr\/wp-json\/wp\/v2\/comments?post=332567"}],"version-history":[{"count":0,"href":"https:\/\/www.europesays.com\/fr\/wp-json\/wp\/v2\/posts\/332567\/revisions"}],"wp:featuredmedia":[{"embeddable":true,"href":"https:\/\/www.europesays.com\/fr\/wp-json\/wp\/v2\/media\/332568"}],"wp:attachment":[{"href":"https:\/\/www.europesays.com\/fr\/wp-json\/wp\/v2\/media?parent=332567"}],"wp:term":[{"taxonomy":"category","embeddable":true,"href":"https:\/\/www.europesays.com\/fr\/wp-json\/wp\/v2\/categories?post=332567"},{"taxonomy":"post_tag","embeddable":true,"href":"https:\/\/www.europesays.com\/fr\/wp-json\/wp\/v2\/tags?post=332567"}],"curies":[{"name":"wp","href":"https:\/\/api.w.org\/{rel}","templated":true}]}}