{"id":332569,"date":"2025-08-20T22:35:10","date_gmt":"2025-08-20T22:35:10","guid":{"rendered":"https:\/\/www.europesays.com\/fr\/332569\/"},"modified":"2025-08-20T22:35:10","modified_gmt":"2025-08-20T22:35:10","slug":"droits-de-douane-playstation-et-pepsi-augmentent-leurs-prix-aux-usa-2","status":"publish","type":"post","link":"https:\/\/www.europesays.com\/fr\/332569\/","title":{"rendered":"Droits de douane: PlayStation et Pepsi augmentent leurs prix aux USA"},"content":{"rendered":"<p class=\"lede\">Malgr\u00e9 la baisse de sa principale source de revenu, la Banque cantonale neuch\u00e2teloise (BCN) a bien r\u00e9sist\u00e9 au premier semestre. L&rsquo;activit\u00e9 commerciale dans le domaine hypoth\u00e9caire et dans la gestion de patrimoine a contenu la baisse du r\u00e9sultat op\u00e9rationnel.<\/p>\n<p>Le r\u00e9sultat brut des op\u00e9rations d&rsquo;int\u00e9r\u00eat a essuy\u00e9 un repli de 5,5% sur un an \u00e0 60,84 millions, souffrant de la baisse des taux d&rsquo;int\u00e9r\u00eat. La progression des volumes de cr\u00e9dit a permis toutefois de contenir le recul, indique un communiqu\u00e9 mercredi.<\/p>\n<p>Le r\u00e9sultat des op\u00e9rations de commissions et des prestations de service a enregistr\u00e9 une progression de 2,3% \u00e0 15,88 millions. Les op\u00e9rations de n\u00e9goce avaient b\u00e9n\u00e9fici\u00e9 de circonstances de march\u00e9 particuli\u00e8rement favorables au premier semestre 2024. Celles-ci se sont ensuite normalis\u00e9es.<\/p>\n<p>Sur les six premiers mois de l&rsquo;ann\u00e9e, les activit\u00e9s ont permis d&rsquo;atteindre un r\u00e9sultat de 6,0 millions, en recul de 17,5%. Les autres r\u00e9sultats ordinaires ont rapport\u00e9 1,5 million.<\/p>\n<p>Les charges de personnel ont progress\u00e9 de 4,5% en lien avec l&rsquo;augmentation des effectifs et les autres charges d&rsquo;exploitation de 7,3%, portant le total \u00e0 40,0 millions.<\/p>\n<p>Le r\u00e9sultat op\u00e9rationnel s&rsquo;est inscrit \u00e0 39,0 millions, en baisse de pr\u00e8s d&rsquo;un quart, mais l\u00e9g\u00e8rement au-dessus des attentes formul\u00e9es en d\u00e9but d&rsquo;exercice, selon la banque. Apr\u00e8s attribution de 15,0 millions aux r\u00e9serves pour risques bancaires g\u00e9n\u00e9raux, le b\u00e9n\u00e9fice semestriel se monte \u00e0 24,1 millions, en recul de 10,2% sur un an.<\/p>\n<p>Activit\u00e9 de financement dynamique<\/p>\n<p>De janvier \u00e0 fin juin, la somme totale du bilan a augment\u00e9 de 1,4% \u00e0 12,2 milliards de francs. L&rsquo;activit\u00e9 de financement a \u00e9t\u00e9 importante, puisque tant les cr\u00e9ances sur la client\u00e8le que les cr\u00e9ances hypoth\u00e9caires ont enregistr\u00e9 une croissance nette qui se monte globalement \u00e0 2,8%. Au passif, l&rsquo;augmentation de 7,6% du volume des d\u00e9p\u00f4ts de la client\u00e8le, obligations de caisse comprises, a permis de financer cette croissance et de r\u00e9duire les engagements envers les banques.<\/p>\n<p>La BCN devra composer avec le faible niveau des taux d&rsquo;int\u00e9r\u00eat \u00e0 court terme. Par ailleurs, l&rsquo;introduction de droits de douane tr\u00e8s \u00e9lev\u00e9s pour le principal march\u00e9 d&rsquo;exportation du canton s&rsquo;ajoute \u00e0 un ralentissement \u00e9conomique d\u00e9j\u00e0 pr\u00e9sent depuis de nombreux mois. Ceci pourrait engendrer des risques de d\u00e9faillance impactant n\u00e9gativement le r\u00e9sultat annuel.<\/p>\n<p>Cet article a \u00e9t\u00e9 publi\u00e9 automatiquement. Sources : ats \/ awp<\/p>\n","protected":false},"excerpt":{"rendered":"Malgr\u00e9 la baisse de sa principale source de revenu, la Banque cantonale neuch\u00e2teloise (BCN) a bien r\u00e9sist\u00e9 au&hellip;\n","protected":false},"author":2,"featured_media":332570,"comment_status":"","ping_status":"","sticky":false,"template":"","format":"standard","meta":{"footnotes":""},"categories":[1589],"tags":[11,73,1866,12,1864,1865,1863,308],"class_list":{"0":"post-332569","1":"post","2":"type-post","3":"status-publish","4":"format-standard","5":"has-post-thumbnail","7":"category-etats-unis","8":"tag-actualites","9":"tag-etats-unis","10":"tag-etats-unis-damerique","11":"tag-news","12":"tag-united-states","13":"tag-united-states-of-america","14":"tag-us","15":"tag-usa"},"share_on_mastodon":{"url":"https:\/\/pubeurope.com\/@fr\/115063483534533920","error":""},"_links":{"self":[{"href":"https:\/\/www.europesays.com\/fr\/wp-json\/wp\/v2\/posts\/332569","targetHints":{"allow":["GET"]}}],"collection":[{"href":"https:\/\/www.europesays.com\/fr\/wp-json\/wp\/v2\/posts"}],"about":[{"href":"https:\/\/www.europesays.com\/fr\/wp-json\/wp\/v2\/types\/post"}],"author":[{"embeddable":true,"href":"https:\/\/www.europesays.com\/fr\/wp-json\/wp\/v2\/users\/2"}],"replies":[{"embeddable":true,"href":"https:\/\/www.europesays.com\/fr\/wp-json\/wp\/v2\/comments?post=332569"}],"version-history":[{"count":0,"href":"https:\/\/www.europesays.com\/fr\/wp-json\/wp\/v2\/posts\/332569\/revisions"}],"wp:featuredmedia":[{"embeddable":true,"href":"https:\/\/www.europesays.com\/fr\/wp-json\/wp\/v2\/media\/332570"}],"wp:attachment":[{"href":"https:\/\/www.europesays.com\/fr\/wp-json\/wp\/v2\/media?parent=332569"}],"wp:term":[{"taxonomy":"category","embeddable":true,"href":"https:\/\/www.europesays.com\/fr\/wp-json\/wp\/v2\/categories?post=332569"},{"taxonomy":"post_tag","embeddable":true,"href":"https:\/\/www.europesays.com\/fr\/wp-json\/wp\/v2\/tags?post=332569"}],"curies":[{"name":"wp","href":"https:\/\/api.w.org\/{rel}","templated":true}]}}