{"id":332573,"date":"2025-08-20T22:37:32","date_gmt":"2025-08-20T22:37:32","guid":{"rendered":"https:\/\/www.europesays.com\/fr\/332573\/"},"modified":"2025-08-20T22:37:32","modified_gmt":"2025-08-20T22:37:32","slug":"en-allemagne-olaf-scholz-limoge-le-ministre-des-finances-et-acte-la-fin-de-sa-coalition","status":"publish","type":"post","link":"https:\/\/www.europesays.com\/fr\/332573\/","title":{"rendered":"En Allemagne, Olaf Scholz limoge le ministre des finances et acte la fin de sa coalition"},"content":{"rendered":"<p>                         <img loading=\"lazy\" decoding=\"async\" src=\"https:\/\/www.europesays.com\/fr\/wp-content\/uploads\/2025\/08\/3699973_4004a6b18edc40e09f5b9e28bc79d9c5-0-5bfa0c400f3240a388221c4ba6bbf535.jpg\" alt=\"Le chancelier allemand, Olaf Scholz, \u00e0 Berlin, le 6\u00a0novembre\u00a02024.\"   width=\"664\" height=\"443\"\/>    Le chancelier allemand, Olaf Scholz, \u00e0 Berlin, le 6\u00a0novembre\u00a02024.  MARKUS SCHREIBER \/ AP                 <\/p>\n<p class=\"article__paragraph  \">La victoire de Donald Trump devait resserrer les rangs de la coalition au pouvoir \u00e0 Berlin depuis 2021\u00a0; elle a finalement pr\u00e9cipit\u00e9 son \u00e9clatement. Mercredi 6\u00a0novembre dans la soir\u00e9e, le chancelier social-d\u00e9mocrate, <a href=\"https:\/\/www.lemonde.fr\/international\/article\/2024\/11\/06\/crise-politique-en-allemagne-olaf-scholz-limoge-son-ministre-des-finances_6380353_3210.html\" rel=\"nofollow noopener\" target=\"_blank\">Olaf Scholz, a demand\u00e9 le d\u00e9part du ministre des finances<\/a>, le pr\u00e9sident du Parti lib\u00e9ral-d\u00e9mocrate (FDP), Christian Lindner, avec qui les relations \u00e9taient devenues notoirement orageuses.<\/p>\n<p class=\"article__paragraph  \">La d\u00e9cision acte la fin de la majorit\u00e9 dite des \u00ab\u00a0feux tricolores\u00a0\u00bb, compos\u00e9e des sociaux-d\u00e9mocrates du SPD, des Verts et du FDP, puisqu\u2019elle place, de facto, le chancelier et son gouvernement en minorit\u00e9 au Bundestag. Selon toute probabilit\u00e9, des \u00e9lections l\u00e9gislatives anticip\u00e9es auront lieu d\u00e9but 2025, au plus tard fin mars, Olaf Scholz ayant annonc\u00e9 qu\u2019il se soumettrait \u00e0 un vote de confiance des d\u00e9put\u00e9s le 15\u00a0janvier. Les prochaines l\u00e9gislatives devaient initialement avoir lieu le 28\u00a0septembre\u00a02025.<\/p>\n<p class=\"article__paragraph  \">\u00ab\u00a0Je suis contraint de prendre cette d\u00e9cision afin d\u2019\u00e9viter tout dommage \u00e0 notre pays, a d\u00e9clar\u00e9 Olaf Scholz \u00e0 la presse mercredi soir. Nous avons besoin d\u2019un gouvernement capable d\u2019agir, qui ait la force de prendre les d\u00e9cisions n\u00e9cessaires.\u00a0\u00bb Il a indiqu\u00e9 vouloir se rapprocher du chef de l\u2019opposition, <a href=\"https:\/\/www.lemonde.fr\/international\/article\/2022\/01\/22\/friedrich-merz-un-rival-d-angela-merkel-elu-nouveau-president-des-conservateurs-allemands_6110566_3210.html\" rel=\"nofollow noopener\" target=\"_blank\">le pr\u00e9sident de l\u2019Union chr\u00e9tienne-d\u00e9mocrate (CDU), Friedrich Merz<\/a>, lui-m\u00eame d\u00e9j\u00e0 candidat d\u00e9clar\u00e9 \u00e0 la chancellerie, afin de \u00ab\u00a0coop\u00e9rer\u00a0\u00bb sur la politique \u00e9conomique et la d\u00e9fense. \u00ab\u00a0Notre \u00e9conomie ne peut pas attendre que de nouvelles \u00e9lections aient eu lieu. Nous avons besoin de clart\u00e9 sur la mani\u00e8re dont nous allons financer notre s\u00e9curit\u00e9 et notre d\u00e9fense dans les ann\u00e9es \u00e0 venir\u00a0\u00bb, a pr\u00e9cis\u00e9 Olaf Scholz.<\/p>\n<p class=\"reading-mode-only \"><strong>Il vous reste 74.36% de cet article \u00e0 lire. La suite est r\u00e9serv\u00e9e aux abonn\u00e9s.<\/strong><\/p>\n","protected":false},"excerpt":{"rendered":"Le chancelier allemand, Olaf Scholz, \u00e0 Berlin, le 6\u00a0novembre\u00a02024. MARKUS SCHREIBER \/ AP La victoire de Donald Trump&hellip;\n","protected":false},"author":2,"featured_media":332574,"comment_status":"","ping_status":"","sticky":false,"template":"","format":"standard","meta":{"footnotes":""},"categories":[1587],"tags":[11,672,1804,1805,1803,1777,674,1801,12,1802],"class_list":{"0":"post-332573","1":"post","2":"type-post","3":"status-publish","4":"format-standard","5":"has-post-thumbnail","7":"category-allemagne","8":"tag-actualites","9":"tag-allemagne","10":"tag-bundesrepublik-deutschland","11":"tag-de","12":"tag-deutschland","13":"tag-eu","14":"tag-europe","15":"tag-germany","16":"tag-news","17":"tag-republique-federale-dallemagne"},"share_on_mastodon":{"url":"https:\/\/pubeurope.com\/@fr\/115063491463645787","error":""},"_links":{"self":[{"href":"https:\/\/www.europesays.com\/fr\/wp-json\/wp\/v2\/posts\/332573","targetHints":{"allow":["GET"]}}],"collection":[{"href":"https:\/\/www.europesays.com\/fr\/wp-json\/wp\/v2\/posts"}],"about":[{"href":"https:\/\/www.europesays.com\/fr\/wp-json\/wp\/v2\/types\/post"}],"author":[{"embeddable":true,"href":"https:\/\/www.europesays.com\/fr\/wp-json\/wp\/v2\/users\/2"}],"replies":[{"embeddable":true,"href":"https:\/\/www.europesays.com\/fr\/wp-json\/wp\/v2\/comments?post=332573"}],"version-history":[{"count":0,"href":"https:\/\/www.europesays.com\/fr\/wp-json\/wp\/v2\/posts\/332573\/revisions"}],"wp:featuredmedia":[{"embeddable":true,"href":"https:\/\/www.europesays.com\/fr\/wp-json\/wp\/v2\/media\/332574"}],"wp:attachment":[{"href":"https:\/\/www.europesays.com\/fr\/wp-json\/wp\/v2\/media?parent=332573"}],"wp:term":[{"taxonomy":"category","embeddable":true,"href":"https:\/\/www.europesays.com\/fr\/wp-json\/wp\/v2\/categories?post=332573"},{"taxonomy":"post_tag","embeddable":true,"href":"https:\/\/www.europesays.com\/fr\/wp-json\/wp\/v2\/tags?post=332573"}],"curies":[{"name":"wp","href":"https:\/\/api.w.org\/{rel}","templated":true}]}}