{"id":332584,"date":"2025-08-20T22:43:13","date_gmt":"2025-08-20T22:43:13","guid":{"rendered":"https:\/\/www.europesays.com\/fr\/332584\/"},"modified":"2025-08-20T22:43:13","modified_gmt":"2025-08-20T22:43:13","slug":"andoni-etchenique-objectif-top-70-de-la-road","status":"publish","type":"post","link":"https:\/\/www.europesays.com\/fr\/332584\/","title":{"rendered":"Andoni Etchenique : Objectif top 70 de la Road"},"content":{"rendered":"<p>En possession d\u2019une cat\u00e9gorie 14, Andoni Etchenique n\u2019a pas pu prendre part aux premiers tournois de la saison qui se sont \u00e9chelonn\u00e9s entre l\u2019<strong>Afrique du Sud<\/strong>, l\u2019<strong>Inde<\/strong> et les \u00c9mirats<strong> arabes unis<\/strong>. Il n\u2019est entr\u00e9 en lice qu\u2019au mois de mai, en <strong>Espagne<\/strong>, pour le retour de l\u2019<strong>HotelPlanner Tour<\/strong> en Europe.\u00a0<\/p>\n<p>Pour pallier ce manque de comp\u00e9tition, il a effectu\u00e9 quelques \u00ab\u00a0piges\u00a0\u00bb sur les \u00e9tapes fran\u00e7aises de l\u2019<strong>Alps Tour<\/strong>, histoire de garder le rythme. Son bilan sur la 2e division europ\u00e9enne est actuellement de quatre cuts franchis en neuf tournois, pour une 121e place \u00e0 la <strong>Road to Mallorca<\/strong>.<\/p>\n<p>\u00ab\u00a0C\u2019est toujours au dernier moment que je peux entrer dans les tournois, explique-t-il. C\u2019est un peu dur \u00e0 ce niveau pour pouvoir s\u2019organiser et savoir o\u00f9 je peux aller jouer. Cela se passait plut\u00f4t pas mal, je jouais correctement, mais rien de fou non plus. Je manque \u00e0 deux reprises le cut d\u2019un coup. Je sentais que mon jeu n\u2019\u00e9tait pas loin\u2026 Mais je n\u2019avais pas cette consistance pour aller chercher un peu plus loin, dans le top 10, ou dans les 20 premiers. J\u2019ai fait une petite pause de dix jours avant l\u2019Irlande quand je n\u2019ai pas pu entrer dans les tournois, au d\u00e9but du mois de juillet. Je suis revenu un peu plus frais et j\u2019ai saisi les opportunit\u00e9s.\u00a0\u00bb<\/p>\n","protected":false},"excerpt":{"rendered":"En possession d\u2019une cat\u00e9gorie 14, Andoni Etchenique n\u2019a pas pu prendre part aux premiers tournois de la saison&hellip;\n","protected":false},"author":2,"featured_media":332585,"comment_status":"","ping_status":"","sticky":false,"template":"","format":"standard","meta":{"footnotes":""},"categories":[1418],"tags":[1011,27,1472,60],"class_list":{"0":"post-332584","1":"post","2":"type-post","3":"status-publish","4":"format-standard","5":"has-post-thumbnail","7":"category-golf","8":"tag-fr","9":"tag-france","10":"tag-golf","11":"tag-sports"},"share_on_mastodon":{"url":"https:\/\/pubeurope.com\/@fr\/115063515042386946","error":""},"_links":{"self":[{"href":"https:\/\/www.europesays.com\/fr\/wp-json\/wp\/v2\/posts\/332584","targetHints":{"allow":["GET"]}}],"collection":[{"href":"https:\/\/www.europesays.com\/fr\/wp-json\/wp\/v2\/posts"}],"about":[{"href":"https:\/\/www.europesays.com\/fr\/wp-json\/wp\/v2\/types\/post"}],"author":[{"embeddable":true,"href":"https:\/\/www.europesays.com\/fr\/wp-json\/wp\/v2\/users\/2"}],"replies":[{"embeddable":true,"href":"https:\/\/www.europesays.com\/fr\/wp-json\/wp\/v2\/comments?post=332584"}],"version-history":[{"count":0,"href":"https:\/\/www.europesays.com\/fr\/wp-json\/wp\/v2\/posts\/332584\/revisions"}],"wp:featuredmedia":[{"embeddable":true,"href":"https:\/\/www.europesays.com\/fr\/wp-json\/wp\/v2\/media\/332585"}],"wp:attachment":[{"href":"https:\/\/www.europesays.com\/fr\/wp-json\/wp\/v2\/media?parent=332584"}],"wp:term":[{"taxonomy":"category","embeddable":true,"href":"https:\/\/www.europesays.com\/fr\/wp-json\/wp\/v2\/categories?post=332584"},{"taxonomy":"post_tag","embeddable":true,"href":"https:\/\/www.europesays.com\/fr\/wp-json\/wp\/v2\/tags?post=332584"}],"curies":[{"name":"wp","href":"https:\/\/api.w.org\/{rel}","templated":true}]}}