{"id":332587,"date":"2025-08-20T22:45:22","date_gmt":"2025-08-20T22:45:22","guid":{"rendered":"https:\/\/www.europesays.com\/fr\/332587\/"},"modified":"2025-08-20T22:45:22","modified_gmt":"2025-08-20T22:45:22","slug":"coupe-du-monde-pour-que-mes-enfants-soient-pris-en-charge-des-joueuses-obligees-de-financer-leur-mondial-par-une-cagnotte","status":"publish","type":"post","link":"https:\/\/www.europesays.com\/fr\/332587\/","title":{"rendered":"COUPE DU MONDE. \u00a0\u00bbPour que mes enfants soient pris en charge\u00a0\u00bb : des joueuses oblig\u00e9es de financer leur mondial par une cagnotte"},"content":{"rendered":"<p>C&rsquo;est un peu la triste r\u00e9alit\u00e9 du rugby f\u00e9minin. Trop peu support\u00e9 par les f\u00e9d\u00e9rations et trop peu mis en valeur. Cela m\u00e8ne donc \u00e0 des situations o\u00f9 <strong>certaines joueuses ont d\u00fb lancer une cagnotte afin de r\u00e9colter des dons et pouvoir participer \u00e0 la <a href=\"https:\/\/www.lerugbynistere.fr\/international\/coupe-du-monde-rugby\/\" ui-sref=\"app.competition({competitionId: 9})\" alt=\"Coupe du monde\" data-route=\"app.competition\" data-param=\"competitionId\" data-id=\"9\" rel=\"nofollow noopener\" target=\"_blank\">Coupe du monde<\/a> 2025.<\/strong><\/p>\n<p><a class=\"inserer_lien_article\" href=\"https:\/\/www.lerugbynistere.fr\/news\/5-cliches-tenaces-sur-le-rugby-feminin-demontes-une-bonne-fois-pour-toutes-1908251800.php\" data-id=\"45870\" data-route=\"app.article\" data-param=\"articleId\" ui-sref=\"app.article({articleId: 45870})\" alt=\"5 clich\u00e9s tenaces sur le rugby f\u00e9minin qui s&#039;effondrent face \u00e0 la r\u00e9alit\u00e9\" title=\"5 clich\u00e9s tenaces sur le rugby f\u00e9minin qui s&#039;effondrent face \u00e0 la r\u00e9alit\u00e9\" rel=\"nofollow noopener\" target=\"_blank\"><img decoding=\"async\" src=\"https:\/\/www.europesays.com\/fr\/wp-content\/uploads\/2025\/08\/1755729918_220_rugby-feminin-les-5-cliches-deconstruit-19-08-25-179.jpg\" alt=\"5 clich\u00e9s tenaces sur le rugby f\u00e9minin qui s'effondrent face \u00e0 la r\u00e9alit\u00e9\"\/>5 clich\u00e9s tenaces sur le rugby f\u00e9minin qui s&rsquo;effondrent face \u00e0 la r\u00e9alit\u00e9<\/a><\/p>\n<p>Les <a href=\"https:\/\/www.lerugbynistere.fr\/equipes-nationales\/samoa.php\" ui-sref=\"app.team({teamId: 67})\" alt=\"Samoa\" data-route=\"app.team\" data-param=\"teamId\" data-id=\"67\" rel=\"nofollow noopener\" target=\"_blank\">Samoa<\/a> principalement touch\u00e9s<\/p>\n<p>Parmi les joueuses dans ce cas-l\u00e0, il y a celle des Samoa. <strong>Ces derni\u00e8res n&rsquo;ont pas de contrat et n&rsquo;ont que des ind\u00e9mnit\u00e9s journali\u00e8res<\/strong>. Elles ont donc d\u00fb se d\u00e9brouiller par leurs propres moyens.<\/p>\n<p><a class=\"inserer_lien_article\" href=\"https:\/\/www.lerugbynistere.fr\/news\/coupe-du-monde-feminine-5-rituels-indispensables-du-supporter-canape-pour-pousser-derriere-les-bleues-1908251359.php\" data-id=\"45866\" data-route=\"app.article\" data-param=\"articleId\" ui-sref=\"app.article({articleId: 45866})\" alt=\"Coupe du monde f\u00e9minine : 5 rituels indispensables du supporter &#039;&#039;canap\u00e9&#039;&#039; pour pousser derri\u00e8re les Bleues\" title=\"Coupe du monde f\u00e9minine : 5 rituels indispensables du supporter &#039;&#039;canap\u00e9&#039;&#039; pour pousser derri\u00e8re les Bleues\" rel=\"nofollow noopener\" target=\"_blank\"><img decoding=\"async\" src=\"https:\/\/www.europesays.com\/fr\/wp-content\/uploads\/2025\/08\/coupe-du-monde-feminine-5-rituels-indispensables-du-supporter-canape-19-08-25-1874.jpg\" alt=\"Coupe du monde f\u00e9minine : 5 rituels indispensables du supporter ''canap\u00e9'' pour pousser derri\u00e8re les Bleues\"\/>Coupe du monde f\u00e9minine : 5 rituels indispensables du supporter \u00a0\u00bbcanap\u00e9\u00a0\u00bb pour pousser derri\u00e8re les Bleues<\/a><\/p>\n<p>Il ne s&rsquo;agit cependant pas de l&rsquo;enti\u00e8ret\u00e9 de l&rsquo;\u00e9quipe mais de 16 joueuses, sur 32 en tout. Cela repr\u00e9sente donc la moiti\u00e9 de l&rsquo;effectif. Elles l&rsquo;ont fait notamment <strong>afin de couvrir leurs pr\u00eats immobiliers et leurs factures domestiques durant la Coupe du monde<\/strong>.<\/p>\n<p>Nina Foaese raconte \u00e0 The Guardian, journal britannique, avoir organis\u00e9 cette collecte <strong>dans le but de \u00ab\u00a0[s]&rsquo;assurer que [ses] enfants seraient bien pris en charge pendant [son] absence\u00a0\u00bb, indique la m\u00e8re de 3 enfants<\/strong> qui travaille en tant qu&rsquo;animatrice jeunesse. Elle a d&rsquo;ailleurs \u00e9t\u00e9 surprise de \u00ab\u00a0recevoir autant de dons\u00a0\u00bb et de \u00ab\u00a0voir le nombe de personnes qui voulaient [la] parrainer.\u00a0\u00bb<\/p>\n<p>World Rugby ne couvre pas tout, le <a href=\"https:\/\/www.lerugbynistere.fr\/equipes-nationales\/japon.php\" ui-sref=\"app.team({teamId: 64})\" alt=\"Japon\" data-route=\"app.team\" data-param=\"teamId\" data-id=\"64\" rel=\"nofollow noopener\" target=\"_blank\">Japon<\/a> dans le m\u00eame cas<\/p>\n<p>Cela pourrait vous para\u00eetre impensable que des joueuses soient oblig\u00e9s de faire cela afin de participer \u00e0 une Coupe du monde. Mais, si <strong>World Rugby paye les frais de vol et d&rsquo;h\u00e9bergement de toutes les \u00e9quipes pendant la comp\u00e9tition<\/strong>, l&rsquo;instance ne r\u00e9mun\u00e8re pas les joueuses.<\/p>\n<p><a class=\"inserer_lien_article\" href=\"https:\/\/www.lerugbynistere.fr\/news\/coupe-du-monde-un-potentiel-enorme-selon-mayans-mais-un-defi-collectif-colossal-pour-le-xv-de-france-feminin-1908251037.php\" data-id=\"45861\" data-route=\"app.article\" data-param=\"articleId\" ui-sref=\"app.article({articleId: 45861})\" alt=\"Coupe du monde. Un potentiel \u00e9norme selon Mayans, mais un d\u00e9fi collectif colossal pour le XV de France f\u00e9minin\" title=\"Coupe du monde. Un potentiel \u00e9norme selon Mayans, mais un d\u00e9fi collectif colossal pour le XV de France f\u00e9minin\" rel=\"nofollow noopener\" target=\"_blank\"><img decoding=\"async\" src=\"https:\/\/www.europesays.com\/fr\/wp-content\/uploads\/2025\/08\/record-de-billets-vendus-engouement-inedit-2025-sera-historique-mais-les-bleues-ont-elles-les-armes-.jpeg\" alt=\"Coupe du monde. Un potentiel \u00e9norme selon Mayans, mais un d\u00e9fi collectif colossal pour le XV de France f\u00e9minin\"\/>Coupe du monde. Un potentiel \u00e9norme selon Mayans, mais un d\u00e9fi collectif colossal pour le XV de France f\u00e9minin<\/a><\/p>\n<p>C&rsquo;est aux f\u00e9d\u00e9rations de le faire et l\u00e0, c&rsquo;est propre \u00e0 chacune. <strong>Tr\u00e8s peu d\u00e9livrent des contrats \u00e0 leurs joueuses<\/strong>. L&rsquo;<a href=\"https:\/\/www.lerugbynistere.fr\/equipes-nationales\/angleterre.php\" ui-sref=\"app.team({teamId: 58})\" alt=\"Angleterre\" data-route=\"app.team\" data-param=\"teamId\" data-id=\"58\" rel=\"nofollow noopener\" target=\"_blank\">Angleterre<\/a> le fait, ainsi que la <a href=\"https:\/\/www.lerugbynistere.fr\/equipes-nationales\/all-blacks.php\" ui-sref=\"app.team({teamId: 24})\" alt=\"Nouvelle-Z\u00e9lande\" data-route=\"app.team\" data-param=\"teamId\" data-id=\"24\" rel=\"nofollow noopener\" target=\"_blank\">Nouvelle-Z\u00e9lande<\/a>, par exemple. <strong>Mais d&rsquo;autres comme le <a href=\"https:\/\/www.lerugbynistere.fr\/equipes-nationales\/canada.php\" ui-sref=\"app.team({teamId: 63})\" alt=\"Canada\" data-route=\"app.team\" data-param=\"teamId\" data-id=\"63\" rel=\"nofollow noopener\" target=\"_blank\">Canada<\/a> paient ses joueuses par tournoi<\/strong>. Ces derni\u00e8res n&rsquo;ont pas de probl\u00e8mes financiers car leur r\u00e9mun\u00e9ration est \u00e9gale \u00e0 celle\u00a0des hommes.<\/p>\n<p>En revanche, <strong>comme les Samoa, le Japon d\u00e9livre des indemnit\u00e9s journali\u00e8res \u00e0 leurs joueuses<\/strong>. Cependant, ce n&rsquo;est pas toujours assez pour subvenir \u00e0 ses d\u00e9penses mensuelles m\u00eame durant un tel \u00e9v\u00e9nement.\u00a0Entre\u00a0combats et injustices, ainsi est faite la carri\u00e8re d&rsquo;une rugbywoman.<\/p>\n<p><a class=\"inserer_lien_article\" href=\"https:\/\/www.lerugbynistere.fr\/news\/top-14-le-formater-au-haut-niveau-le-jeune-valentin-hutteau-ubb-avec-lucu-comme-mentor-2008251127.php\" data-id=\"45871\" data-route=\"app.article\" data-param=\"articleId\" ui-sref=\"app.article({articleId: 45871})\" alt=\"TOP 14. &#039;&#039;Le formater au haut niveau&#039;&#039; : le jeune Valentin Hutteau (UBB) avec Lucu comme mentor\" title=\"TOP 14. &#039;&#039;Le formater au haut niveau&#039;&#039; : le jeune Valentin Hutteau (UBB) avec Lucu comme mentor\" rel=\"nofollow noopener\" target=\"_blank\"><img decoding=\"async\" src=\"https:\/\/www.europesays.com\/fr\/wp-content\/uploads\/2025\/08\/valentin-hutteau-sous-legide-de-maxime-lucu-20-08-25-6444.jpg\" alt=\"TOP 14. ''Le formater au haut niveau'' : le jeune Valentin Hutteau (UBB) avec Lucu comme mentor\"\/>TOP 14. \u00a0\u00bbLe formater au haut niveau\u00a0\u00bb : le jeune Valentin Hutteau (UBB) avec Lucu comme mentor<\/a><\/p>\n","protected":false},"excerpt":{"rendered":"C&rsquo;est un peu la triste r\u00e9alit\u00e9 du rugby f\u00e9minin. Trop peu support\u00e9 par les f\u00e9d\u00e9rations et trop peu&hellip;\n","protected":false},"author":2,"featured_media":332588,"comment_status":"","ping_status":"","sticky":false,"template":"","format":"standard","meta":{"footnotes":""},"categories":[1416],"tags":[1011,27,479,1468,60],"class_list":{"0":"post-332587","1":"post","2":"type-post","3":"status-publish","4":"format-standard","5":"has-post-thumbnail","7":"category-rugby","8":"tag-fr","9":"tag-france","10":"tag-rugby","11":"tag-rugby-football","12":"tag-sports"},"share_on_mastodon":{"url":"https:\/\/pubeurope.com\/@fr\/115063522911037585","error":""},"_links":{"self":[{"href":"https:\/\/www.europesays.com\/fr\/wp-json\/wp\/v2\/posts\/332587","targetHints":{"allow":["GET"]}}],"collection":[{"href":"https:\/\/www.europesays.com\/fr\/wp-json\/wp\/v2\/posts"}],"about":[{"href":"https:\/\/www.europesays.com\/fr\/wp-json\/wp\/v2\/types\/post"}],"author":[{"embeddable":true,"href":"https:\/\/www.europesays.com\/fr\/wp-json\/wp\/v2\/users\/2"}],"replies":[{"embeddable":true,"href":"https:\/\/www.europesays.com\/fr\/wp-json\/wp\/v2\/comments?post=332587"}],"version-history":[{"count":0,"href":"https:\/\/www.europesays.com\/fr\/wp-json\/wp\/v2\/posts\/332587\/revisions"}],"wp:featuredmedia":[{"embeddable":true,"href":"https:\/\/www.europesays.com\/fr\/wp-json\/wp\/v2\/media\/332588"}],"wp:attachment":[{"href":"https:\/\/www.europesays.com\/fr\/wp-json\/wp\/v2\/media?parent=332587"}],"wp:term":[{"taxonomy":"category","embeddable":true,"href":"https:\/\/www.europesays.com\/fr\/wp-json\/wp\/v2\/categories?post=332587"},{"taxonomy":"post_tag","embeddable":true,"href":"https:\/\/www.europesays.com\/fr\/wp-json\/wp\/v2\/tags?post=332587"}],"curies":[{"name":"wp","href":"https:\/\/api.w.org\/{rel}","templated":true}]}}