{"id":332589,"date":"2025-08-20T22:46:11","date_gmt":"2025-08-20T22:46:11","guid":{"rendered":"https:\/\/www.europesays.com\/fr\/332589\/"},"modified":"2025-08-20T22:46:11","modified_gmt":"2025-08-20T22:46:11","slug":"resultat-kamil-majchrzak-sebastian-korda-atp-250-winston-salem-huitiemes-de-finale-mercredi-20-aout-2025-lequipe","status":"publish","type":"post","link":"https:\/\/www.europesays.com\/fr\/332589\/","title":{"rendered":"R\u00e9sultat : Kamil Majchrzak &#8211; Sebastian Korda, ATP 250, Winston Salem, Huiti\u00e8mes de finale, Mercredi 20 ao\u00fbt 2025 &#8211; L&#039;\u00c9quipe"},"content":{"rendered":"<ol>\n<li><a href=\"https:\/\/news.google.com\/rss\/articles\/CBMi0gFBVV95cUxOcDA4UmpBYnlVaEVhM0twNno1bmlSVlp6MFcyVno0dnQ4RkF3aTlwdWZlbmpiWHByUnI0UEE1emswTGtKQTBuZUU3OUV6M1JkSWdlMVdybTh1ZnFXRUdaQzM3Ym1odTZEQnJxTTlETFVraUNpRy1CR3lRMmNid1RoNHM3TXpJWHJxN1pqZEE5Wl9JaUozcWg4dHZzdGRUaWlmOE14X0lKTXh3RklnZzJudEpxN1hBbnVHaDB5cF91WW5XQWRjTzZZaFdueWk4UDZ3eEE?oc=5\" target=\"_blank\" rel=\"nofollow noopener\">R\u00e9sultat : Kamil Majchrzak &#8211; Sebastian Korda, ATP 250, Winston Salem, Huiti\u00e8mes de finale, Mercredi 20 ao\u00fbt 2025<\/a>&nbsp;&nbsp;L&rsquo;\u00c9quipe<\/li>\n<li><a href=\"https:\/\/news.google.com\/rss\/articles\/CBMi_gFBVV95cUxOcThQZk1XZ3pPZy1OWV9NclN3QXRfYXFHeTI3azRoQ0FsNEM5bHpIanl4NFV1WDVWMFdrMXlINnpFaXhVX0E1MC12U21UejJKM1ZsdldDbzdtYzZQOVlPQUdGNzRzR2NRYnpnQ3dvR3BWWnVFSExUWTV6ZHhBTnFlVnZVeEVLMWNEa3kwQkZPdUdTLTJ2ek44Sm5zdE1wZFp0T0hTQUU2eEZaR0EzNm55cVNlZFZoaHpCMHJzdzNYZFpaSlZ4NkVDT05HMDB5MTNMOHotNEJDaTBMLWZybkF5TWhDbHdDcmtJcWVRdmwyZ1dJd2R1Q3BLS0VXRjNiQQ?oc=5\" target=\"_blank\" rel=\"nofollow noopener\">Bruges enfonce les Rangers, Pafos continue de cr\u00e9er la surprise : les r\u00e9sultats des barrages aller de Ligue des champions<\/a>&nbsp;&nbsp;L&rsquo;\u00c9quipe<\/li>\n<li><a href=\"https:\/\/news.google.com\/rss\/articles\/CBMiuAFBVV95cUxPeWpjRGxFRmU0SzhybWtsTDd4UGxFT1J4ZEtuVkxuV0RjVDVKWEtpcnNoeXc1TGRqVkJINjFuQVRGS0R3N25EcEFvNlBEZTB2V1FKWjFMMmZkZWNnZlFKYW9NTmx0bncxdEhTRzdHZzc2NXRKTlF0ZGV0WGRwNUE3bHp0b2RzYTNJNERFa09PdkZWdkpjVU9sMmdnbVRWVmxMVk9NekdBMzYxdWx6ZVY4WFBpWkdnV3Q4?oc=5\" target=\"_blank\" rel=\"nofollow noopener\">DIRECT. Estudiantes de La Plata-Cerro Porte\u00f1o (Copa Libertadores 2025) en direct<\/a>&nbsp;&nbsp;L&rsquo;\u00c9quipe<\/li>\n<li><a href=\"https:\/\/news.google.com\/rss\/articles\/CBMiigFBVV95cUxQUGx0dzNaTk1pTWJHblpweDhwMVlkUVgzbGVHWm1DZnM2YjdpY0QxbTNvb3VHMWV5b19Sbi1LNjhDSnVzd1k3OFJXMm15aWF2VVFlNENtNGQyeVpTVEx5SFR2XzI2eU8yMjNpSzM2akVRSFNwZ3NaVU9LV200ZEhyZllWa25ycDZRdlHSAYoBQVVfeXFMTmV1Z0ExZ0p6cl9UcnNtQ2h1aW9UMWlIdF9uVzBlbjFVRGpGRHdUQnRFTWd2X1JwR3o3MnZscGxiVHZyanBwWEw3UmRyWmNxbUZiV2F5b2tWelJIcnJHQ21Cd2lUVjNFb24wdGl0aGFwVmJVdktKU3NnNTVyeWd3Y1lQcjFrUDVFbFZB?oc=5\" target=\"_blank\" rel=\"nofollow noopener\">LdC : les r\u00e9sultats de la soir\u00e9e<\/a>&nbsp;&nbsp;Maxifoot<\/li>\n<li><a href=\"https:\/\/news.google.com\/rss\/articles\/CBMiowFBVV95cUxPS3lhSGw2NGdkb1p5d1J0UHZabjA4T0ZSWTJ2M2Zzb2l5NkdGeFZzQWNrNDR0aERmSUVYTzFmbXZEcG05NUhqU2l4dWpOamVlNHhuWExlYUlUY2pKT3A5a3BpZWFId3RZMG9rSVZnYUJmX3ZlSnE4YkFSU3VEUUFqNDdFbVk1Rlg2UkNDSDJqZlFpcFhJUXpoMUdqODVzTVVMYlVR?oc=5\" target=\"_blank\" rel=\"nofollow noopener\">TV : le Real Madrid mais surtout Rangers-Bruges \u00e0 la loupe<\/a>&nbsp;&nbsp;Le Phoc\u00e9en<\/li>\n<\/ol>\n","protected":false},"excerpt":{"rendered":"R\u00e9sultat : Kamil Majchrzak &#8211; Sebastian Korda, ATP 250, Winston Salem, Huiti\u00e8mes de finale, Mercredi 20 ao\u00fbt 2025&nbsp;&nbsp;L&rsquo;\u00c9quipe&hellip;\n","protected":false},"author":2,"featured_media":1983,"comment_status":"","ping_status":"","sticky":false,"template":"","format":"standard","meta":{"footnotes":""},"categories":[1415],"tags":[1011,27,60,1467],"class_list":{"0":"post-332589","1":"post","2":"type-post","3":"status-publish","4":"format-standard","5":"has-post-thumbnail","7":"category-tennis","8":"tag-fr","9":"tag-france","10":"tag-sports","11":"tag-tennis"},"share_on_mastodon":{"url":"","error":""},"_links":{"self":[{"href":"https:\/\/www.europesays.com\/fr\/wp-json\/wp\/v2\/posts\/332589","targetHints":{"allow":["GET"]}}],"collection":[{"href":"https:\/\/www.europesays.com\/fr\/wp-json\/wp\/v2\/posts"}],"about":[{"href":"https:\/\/www.europesays.com\/fr\/wp-json\/wp\/v2\/types\/post"}],"author":[{"embeddable":true,"href":"https:\/\/www.europesays.com\/fr\/wp-json\/wp\/v2\/users\/2"}],"replies":[{"embeddable":true,"href":"https:\/\/www.europesays.com\/fr\/wp-json\/wp\/v2\/comments?post=332589"}],"version-history":[{"count":0,"href":"https:\/\/www.europesays.com\/fr\/wp-json\/wp\/v2\/posts\/332589\/revisions"}],"wp:featuredmedia":[{"embeddable":true,"href":"https:\/\/www.europesays.com\/fr\/wp-json\/wp\/v2\/media\/1983"}],"wp:attachment":[{"href":"https:\/\/www.europesays.com\/fr\/wp-json\/wp\/v2\/media?parent=332589"}],"wp:term":[{"taxonomy":"category","embeddable":true,"href":"https:\/\/www.europesays.com\/fr\/wp-json\/wp\/v2\/categories?post=332589"},{"taxonomy":"post_tag","embeddable":true,"href":"https:\/\/www.europesays.com\/fr\/wp-json\/wp\/v2\/tags?post=332589"}],"curies":[{"name":"wp","href":"https:\/\/api.w.org\/{rel}","templated":true}]}}