{"id":332591,"date":"2025-08-20T22:49:20","date_gmt":"2025-08-20T22:49:20","guid":{"rendered":"https:\/\/www.europesays.com\/fr\/332591\/"},"modified":"2025-08-20T22:49:20","modified_gmt":"2025-08-20T22:49:20","slug":"le-match-des-feminines-de-lom-arrete-a-cause-dune-bagarre-eurosport","status":"publish","type":"post","link":"https:\/\/www.europesays.com\/fr\/332591\/","title":{"rendered":"Le match des f\u00e9minines de l&#039;OM arr\u00eat\u00e9 \u00e0 cause&#8230; D&#039;une bagarre &#8211; Eurosport"},"content":{"rendered":"<ol>\n<li><a href=\"https:\/\/news.google.com\/rss\/articles\/CBMi_wFBVV95cUxNWGRONmZDajFIdTJ6TDZ0TjBvazk2RGRsVmxobFdVVzZheFg4bHgwc0NnWEV4WHF3aG1fMVRTb09JT1hHZXJrQS1MSVBtUnBJNzdjcWoyRHpibHAwWjQ4eERBQlYyZ1F2VDlHcW5FSV9rMmh1TVVpMzVhVm5WdlBmODRpTkl5QWlCNVRSUnZSX1FqeWluSG9HallBbEZ5Y2JFM2NET0Rzb3JmZXVKejdHTDRQUFpjWXZaVUg1bDN6VGlRdk1xY2FhZ2tST0NBSUFxTFBhTHRvOXRRWWU4b29QYW9Vbm5oNTktSmlwM0hNNWxFYmNQS3BTeUtSNGJRS0k?oc=5\" target=\"_blank\" rel=\"nofollow noopener\">Le match des f\u00e9minines de l&rsquo;OM arr\u00eat\u00e9 \u00e0 cause&#8230; D&rsquo;une bagarre<\/a>&nbsp;&nbsp;Eurosport<\/li>\n<li><a href=\"https:\/\/news.google.com\/rss\/articles\/CBMi6AFBVV95cUxORHJJMEVjRGJIOFdTc1NjVXk1MEk5bEI0dlJSMW5OTUtiWjFCZldhTWJVTG1HWnF2WnBZaVdNc05xTGFBQUZTMnM3MEJCczZveGpLLWFrcU9PUlZBaUgwNmFJVk9hQ1RPdktyMWNxXzAwdVpoUmFsRy01RlFNRXB3dzh6TkhPRGZ6dzMxWXhJaWE5cDZycHBIR0J3Z2lJNFRMS09SdlVRS3hjTFFuTWQ0SHF6ZG05NVJEWVBjYmdsdGVkUXpYUG5HckFKNDZQNlUxN1JIMzZudDBqeVRiWjRPeDdBNWoyLXVo?oc=5\" target=\"_blank\" rel=\"nofollow noopener\">Le match amical de l&rsquo;OM face au Club Esportiu Europa arr\u00eat\u00e9 en raison d&rsquo;une altercation entre joueuses<\/a>&nbsp;&nbsp;L&rsquo;\u00c9quipe<\/li>\n<li><a href=\"https:\/\/news.google.com\/rss\/articles\/CBMi5gFBVV95cUxPaXcxRzB1NTJUMERQSDE5enpuMm41bHJ6c2g2Zkw3NElaVnd2OUtQdThqUkhpN2JwOEdsaTNpUTMxdFloZk9MYlpNNXVTUXF6OTJZNUI0bXZWOHdLVUV4VHBYaVdBTXUtYWJSZWpTeW4tNTV3WS11Q20yNk5pcmc0N2dpbC1VMkt5Sm90NTYtTDR5VENjWWNYMjFPMTI2NFZZeTQ2MWJqTXlwNXNIN3pCWFNLeVNZbm93Q1FKSTFLeDQxWFdteGlOXzNEQW9YOC1QRkhrcUh0ZTVyS0hXLWQ4SDlQd0xvQdIB6wFBVV95cUxQaTVqWHUwYUd3Y0Jqa0FkVlFEeFJ1eVp2ME1uMEpGSzgwMDZQOThEUkR0VG0tWlRMYmdWWXhhaXU1N2tGbzZmOElVeDVxQm5CdDZuNFZ6WnU3SEZfWUNFZS11SmYzUEx6SnBtMHExRS1PazJWdDl3clMtRGtaaWtreW5WYjRMN3pkOWxqMTZSY21wLVZjajFzNmY2U3RMNGw5UUU1NlFubGJqdVZfRmh0QkNUNmdiWmY4TWNqdWRmMXFBcUxNTW9Jc0JyR3lEaFVxX2JqNzlVM1I4SGFySXF2bGNPa1RLcDNCR09Z?oc=5\" target=\"_blank\" rel=\"nofollow noopener\">Une bagarre lors d\u2019un match de pr\u00e9paration de l\u2019OM f\u00e9minine ?<\/a>&nbsp;&nbsp;Boursorama<\/li>\n<li><a href=\"https:\/\/news.google.com\/rss\/articles\/CBMi3AFBVV95cUxQVVZDN1ZvUU9oeV9ZNUVLQURSQnhOa0llaElPNzJvUTZLMXRGMFFnVjBiYm9hY1dhY0ZDUzZtNXlJNDRTYXB6MHBWVzdRSk9iZkwtWjVZMGgwSURpenU3OGg2LVdvWW43NW1obWRHOTBsSHI5MFBwbENHWTgtV0pGcHhVejBMSXp2SGg5UGNLRlE0QnVXcjZNT3hNSTFzc0RBbk85ZUNud2xac0czdVhSUV9Hc2JHNWRlZl80anYtbURJaGtlT3VaR3NyYzBwZGJyckMzN0lJSjR1dmVC?oc=5\" target=\"_blank\" rel=\"nofollow noopener\">Football. Agressions physiques, cartons rouges&#8230; le match amical de l&rsquo;OM f\u00e9minin interrompu \u00e0 cause d&rsquo;une altercation<\/a>&nbsp;&nbsp;Le Dauphin\u00e9 Lib\u00e9r\u00e9<\/li>\n<li><a href=\"https:\/\/news.google.com\/rss\/articles\/CBMikAFBVV95cUxPT2h4R0kwdjBWQllsbVI0VjNFektuekNWeDVQUTdCUVdTZmdxNmQyZkxmVlAyMlVVQXg2QWlkUFA3SUZLMkVqQk9EQWJYR3VYMk9oZGpsREFubXRRSHRZaGdQUzM3OWJBZjdKTF9RbVhkT3hTRXlIak93RVZIS0x2MUpDRGY3aDlXSTk5NnlYNFo?oc=5\" target=\"_blank\" rel=\"nofollow noopener\">Un match des f\u00e9minines de l\u2019OM d\u00e9g\u00e9n\u00e8re<\/a>&nbsp;&nbsp;Foot Mercato<\/li>\n<\/ol>\n","protected":false},"excerpt":{"rendered":"Le match des f\u00e9minines de l&rsquo;OM arr\u00eat\u00e9 \u00e0 cause&#8230; D&rsquo;une bagarre&nbsp;&nbsp;Eurosport Le match amical de l&rsquo;OM face au&hellip;\n","protected":false},"author":2,"featured_media":1445,"comment_status":"","ping_status":"","sticky":false,"template":"","format":"standard","meta":{"footnotes":""},"categories":[1412],"tags":[1451,1452,1453,1454,1455,1011,27,60],"class_list":{"0":"post-332591","1":"post","2":"type-post","3":"status-publish","4":"format-standard","5":"has-post-thumbnail","7":"category-f1","8":"tag-f1","9":"tag-formula-1","10":"tag-formula1","11":"tag-formule-1","12":"tag-formule1","13":"tag-fr","14":"tag-france","15":"tag-sports"},"share_on_mastodon":{"url":"https:\/\/pubeurope.com\/@fr\/115063538606545189","error":""},"_links":{"self":[{"href":"https:\/\/www.europesays.com\/fr\/wp-json\/wp\/v2\/posts\/332591","targetHints":{"allow":["GET"]}}],"collection":[{"href":"https:\/\/www.europesays.com\/fr\/wp-json\/wp\/v2\/posts"}],"about":[{"href":"https:\/\/www.europesays.com\/fr\/wp-json\/wp\/v2\/types\/post"}],"author":[{"embeddable":true,"href":"https:\/\/www.europesays.com\/fr\/wp-json\/wp\/v2\/users\/2"}],"replies":[{"embeddable":true,"href":"https:\/\/www.europesays.com\/fr\/wp-json\/wp\/v2\/comments?post=332591"}],"version-history":[{"count":0,"href":"https:\/\/www.europesays.com\/fr\/wp-json\/wp\/v2\/posts\/332591\/revisions"}],"wp:featuredmedia":[{"embeddable":true,"href":"https:\/\/www.europesays.com\/fr\/wp-json\/wp\/v2\/media\/1445"}],"wp:attachment":[{"href":"https:\/\/www.europesays.com\/fr\/wp-json\/wp\/v2\/media?parent=332591"}],"wp:term":[{"taxonomy":"category","embeddable":true,"href":"https:\/\/www.europesays.com\/fr\/wp-json\/wp\/v2\/categories?post=332591"},{"taxonomy":"post_tag","embeddable":true,"href":"https:\/\/www.europesays.com\/fr\/wp-json\/wp\/v2\/tags?post=332591"}],"curies":[{"name":"wp","href":"https:\/\/api.w.org\/{rel}","templated":true}]}}