{"id":332592,"date":"2025-08-20T22:50:10","date_gmt":"2025-08-20T22:50:10","guid":{"rendered":"https:\/\/www.europesays.com\/fr\/332592\/"},"modified":"2025-08-20T22:50:10","modified_gmt":"2025-08-20T22:50:10","slug":"resultats-de-letape-5-arrivee-a-apatou-et-point-sur-le-classement-general","status":"publish","type":"post","link":"https:\/\/www.europesays.com\/fr\/332592\/","title":{"rendered":"r\u00e9sultats de l&rsquo;\u00e9tape 5 arriv\u00e9e \u00e0 Apatou et point sur le classement g\u00e9n\u00e9ral"},"content":{"rendered":"<p>Pas de changement maillot jaune \u00e0 l&rsquo;issue de l&rsquo;\u00e9tape 5. Ce mercredi 20 ao\u00fbt, le trac\u00e9 de la course Mana, Saut Sabbat, Saint-Laurent du Maroni et Apatou \u00e9tait long de 162 km. Elle a \u00e9t\u00e9 remport\u00e9e Edwin Nubul, de la s\u00e9lection martiniquaise. Consultez l&rsquo;int\u00e9gralit\u00e9 du classement.<\/p>\n<p>\t\t\t\t                        <a href=\"https:\/\/la1ere.franceinfo.fr\/redaction\/ludmia-lewis\" class=\"a-article__author\" rel=\"nofollow noopener\" target=\"_blank\">Ludm\u00efa Lewis<\/a>            \t\t\t\t\u2022<\/p>\n<p>            Publi\u00e9 le 20 ao\u00fbt 2025 \u00e0 16h44<\/p>\n<p>Un classement peu bouscul\u00e9 \u00e0 l&rsquo;issue de la 5\u00e8me \u00e9tape du Tour de Guyane 2025. <strong>Charlie Lacaille de l&rsquo;\u00e9quipe britannique Schils Doltcini RT reste en jaune<\/strong>. Une \u00e9quipe en grande forme, puisque les trois premies hommes du classement g\u00e9n\u00e9ral sont tous de la Grande-Bretagne.<\/p>\n<ol>\n<li>LACAILLE Charlie (SCHILSD GBR)<\/li>\n<li>HUTCHINGS Oscar (SCHILSD GBR)<\/li>\n<li>KELLER Hermann (SCHILSD GBR)<\/li>\n<li>LEBON Victor (Born&rsquo;heures)<\/li>\n<li>DEROUAULT Baptiste (Haute Savoie)<\/li>\n<li>BRIGHT Benjamin (ASPTT)<\/li>\n<li>LE NY Benjamin (Guadeloupe)<\/li>\n<li>BOUSQUET Benjamin (VCM BELOVA)<\/li>\n<li>PARSONS James (Born&rsquo;heures)<\/li>\n<li>DREWESE Albrecht (Allemagne)<\/li>\n<\/ol>\n<p><a target=\"_blank\" rel=\"noopener noreferrer nofollow\" href=\"https:\/\/drive.google.com\/file\/d\/1PM9umvy0tLi8nCe19-QeHkD_w0GFfs8z\/view?usp=sharing\"><strong>Cliquez ici pour retrouver l&rsquo;int\u00e9gralit\u00e9 du classement<\/strong><\/a><\/p>\n<p>            Partager l&rsquo;article<\/p>\n<p>    Fermer la fen\u00eatre de partage<\/p>\n<p>                        <img class=\"m-share-modal__article-illustration lazy\" width=\"80\" height=\"80\" aria-hidden=\"true\" data-src=\"https:\/\/www.europesays.com\/fr\/wp-content\/uploads\/2025\/08\/whatsapp-image-2025-08-20-at-14-40-25-68a624fc69c82348471928.jpg\" alt=\"\"\/><\/p>\n<p class=\"m-share-modal__article-title\">CLASSEMENT. Tour de Guyane 2025 : r\u00e9sultats de l&rsquo;\u00e9tape 5 arriv\u00e9e \u00e0 Apatou et point sur le classement g\u00e9n\u00e9ral<\/p>\n","protected":false},"excerpt":{"rendered":"Pas de changement maillot jaune \u00e0 l&rsquo;issue de l&rsquo;\u00e9tape 5. Ce mercredi 20 ao\u00fbt, le trac\u00e9 de la&hellip;\n","protected":false},"author":2,"featured_media":332593,"comment_status":"","ping_status":"","sticky":false,"template":"","format":"standard","meta":{"footnotes":""},"categories":[1411],"tags":[1154,207,1011,27,60],"class_list":{"0":"post-332592","1":"post","2":"type-post","3":"status-publish","4":"format-standard","5":"has-post-thumbnail","7":"category-cyclisme","8":"tag-cycling","9":"tag-cyclisme","10":"tag-fr","11":"tag-france","12":"tag-sports"},"share_on_mastodon":{"url":"https:\/\/pubeurope.com\/@fr\/115063542557487390","error":""},"_links":{"self":[{"href":"https:\/\/www.europesays.com\/fr\/wp-json\/wp\/v2\/posts\/332592","targetHints":{"allow":["GET"]}}],"collection":[{"href":"https:\/\/www.europesays.com\/fr\/wp-json\/wp\/v2\/posts"}],"about":[{"href":"https:\/\/www.europesays.com\/fr\/wp-json\/wp\/v2\/types\/post"}],"author":[{"embeddable":true,"href":"https:\/\/www.europesays.com\/fr\/wp-json\/wp\/v2\/users\/2"}],"replies":[{"embeddable":true,"href":"https:\/\/www.europesays.com\/fr\/wp-json\/wp\/v2\/comments?post=332592"}],"version-history":[{"count":0,"href":"https:\/\/www.europesays.com\/fr\/wp-json\/wp\/v2\/posts\/332592\/revisions"}],"wp:featuredmedia":[{"embeddable":true,"href":"https:\/\/www.europesays.com\/fr\/wp-json\/wp\/v2\/media\/332593"}],"wp:attachment":[{"href":"https:\/\/www.europesays.com\/fr\/wp-json\/wp\/v2\/media?parent=332592"}],"wp:term":[{"taxonomy":"category","embeddable":true,"href":"https:\/\/www.europesays.com\/fr\/wp-json\/wp\/v2\/categories?post=332592"},{"taxonomy":"post_tag","embeddable":true,"href":"https:\/\/www.europesays.com\/fr\/wp-json\/wp\/v2\/tags?post=332592"}],"curies":[{"name":"wp","href":"https:\/\/api.w.org\/{rel}","templated":true}]}}