{"id":332594,"date":"2025-08-20T22:51:14","date_gmt":"2025-08-20T22:51:14","guid":{"rendered":"https:\/\/www.europesays.com\/fr\/332594\/"},"modified":"2025-08-20T22:51:14","modified_gmt":"2025-08-20T22:51:14","slug":"martigues-chute-de-7-etages-en-un-seul-ete","status":"publish","type":"post","link":"https:\/\/www.europesays.com\/fr\/332594\/","title":{"rendered":"Martigues chute de 7 \u00e9tages en un seul \u00e9t\u00e9 !"},"content":{"rendered":"<p>              <img decoding=\"async\" src=\"https:\/\/www.europesays.com\/fr\/wp-content\/uploads\/2025\/08\/martigues-chute-de-7-etages-en-un-seul-ete-iconsport_190262_0007-397553.jpg\" alt=\"Martigues chute de 7 \u00e9tages en un seul \u00e9t\u00e9 !\"\/> <\/p>\n<p class=\"credit\">Icon Sport<\/p>\n<p class=\"the_post_info\">\n            Publi\u00e9 Mercredi 20 Ao\u00fbt 2025 \u00e0 20:35  Dans\u00a0: <a href=\"https:\/\/www.foot01.com\/ligue2\/\" rel=\"nofollow noopener\" target=\"_blank\">Ligue 2<\/a>.<br \/>Par <a href=\"https:\/\/www.foot01.com\/author\/45\/\" rel=\"nofollow noopener\" target=\"_blank\">Mehdi Lunay<\/a>\n          <\/p>\n<p>Pensionnaire de <a href=\"https:\/\/www.foot01.com\/ligue2\/\" rel=\"nofollow noopener\" target=\"_blank\">Ligue 2<\/a> la saison derni\u00e8re, le FC Martigues vit un \u00e9t\u00e9 en enfer. Rel\u00e9gu\u00e9s sportivement en National, les Mart\u00e9gaux ont \u00e9t\u00e9 r\u00e9trograd\u00e9s en R\u00e9gional 1 (6e division) par la DNCG pour \u00ab\u00a0absence des garanties financi\u00e8res requises\u00a0\u00bb. Leur chute s&rsquo;annonce m\u00eame encore plus impressionnante selon La Provence. Selon ses informations,\u00a0la commission r\u00e9gionale de Contr\u00f4le des clubs de la Ligue M\u00e9diterran\u00e9e n&rsquo;a pas accept\u00e9 le budget pr\u00e9sent\u00e9 par Martigues et a r\u00e9trograd\u00e9 le club proven\u00e7al en premi\u00e8re division de district (9e division). Un coup de massue pour les dirigeants qui pr\u00e9paraient le d\u00e9but du championnat le week-end prochain. Ils ont d\u00e9cid\u00e9 de faire appel de cette d\u00e9cision, laquelle propulserait leur club au niveau d\u00e9partemental alors qu&rsquo;il \u00e9tait professionnel il y a quelques semaines seulement.<\/p>\n<blockquote class=\"twitter-tweet\"><p>&#13;<\/p>\n<p lang=\"fr\" dir=\"ltr\">Football : plus dure est la chute, le FC Martigues renvoy\u00e9 en district !<br \/>\ud83d\udc49 <a href=\"https:\/\/t.co\/31Z8R24MNE\" rel=\"nofollow\">https:\/\/t.co\/31Z8R24MNE<\/a> <a href=\"https:\/\/t.co\/vk58gN9xqS\" rel=\"nofollow\">pic.twitter.com\/vk58gN9xqS<\/a><\/p>\n<p>&#13;<br \/>\n\u2014 La Provence (@laprovence) <a href=\"https:\/\/twitter.com\/laprovence\/status\/1958183492149248008?ref_src=twsrc%5Etfw\" rel=\"nofollow noopener\" target=\"_blank\">August 20, 2025<\/a><\/p><\/blockquote>\n<p>\u00a0<\/p>\n<p>      <script async src=\"https:\/\/platform.twitter.com\/widgets.js\" charset=\"utf-8\"><\/script><\/p>\n","protected":false},"excerpt":{"rendered":"Icon Sport Publi\u00e9 Mercredi 20 Ao\u00fbt 2025 \u00e0 20:35 Dans\u00a0: Ligue 2.Par Mehdi Lunay Pensionnaire de Ligue 2&hellip;\n","protected":false},"author":2,"featured_media":332595,"comment_status":"","ping_status":"","sticky":false,"template":"","format":"standard","meta":{"footnotes":""},"categories":[1410],"tags":[63,1011,27,60],"class_list":{"0":"post-332594","1":"post","2":"type-post","3":"status-publish","4":"format-standard","5":"has-post-thumbnail","7":"category-football","8":"tag-football","9":"tag-fr","10":"tag-france","11":"tag-sports"},"share_on_mastodon":{"url":"https:\/\/pubeurope.com\/@fr\/115063546663706070","error":""},"_links":{"self":[{"href":"https:\/\/www.europesays.com\/fr\/wp-json\/wp\/v2\/posts\/332594","targetHints":{"allow":["GET"]}}],"collection":[{"href":"https:\/\/www.europesays.com\/fr\/wp-json\/wp\/v2\/posts"}],"about":[{"href":"https:\/\/www.europesays.com\/fr\/wp-json\/wp\/v2\/types\/post"}],"author":[{"embeddable":true,"href":"https:\/\/www.europesays.com\/fr\/wp-json\/wp\/v2\/users\/2"}],"replies":[{"embeddable":true,"href":"https:\/\/www.europesays.com\/fr\/wp-json\/wp\/v2\/comments?post=332594"}],"version-history":[{"count":0,"href":"https:\/\/www.europesays.com\/fr\/wp-json\/wp\/v2\/posts\/332594\/revisions"}],"wp:featuredmedia":[{"embeddable":true,"href":"https:\/\/www.europesays.com\/fr\/wp-json\/wp\/v2\/media\/332595"}],"wp:attachment":[{"href":"https:\/\/www.europesays.com\/fr\/wp-json\/wp\/v2\/media?parent=332594"}],"wp:term":[{"taxonomy":"category","embeddable":true,"href":"https:\/\/www.europesays.com\/fr\/wp-json\/wp\/v2\/categories?post=332594"},{"taxonomy":"post_tag","embeddable":true,"href":"https:\/\/www.europesays.com\/fr\/wp-json\/wp\/v2\/tags?post=332594"}],"curies":[{"name":"wp","href":"https:\/\/api.w.org\/{rel}","templated":true}]}}