{"id":332596,"date":"2025-08-20T22:52:12","date_gmt":"2025-08-20T22:52:12","guid":{"rendered":"https:\/\/www.europesays.com\/fr\/332596\/"},"modified":"2025-08-20T22:52:12","modified_gmt":"2025-08-20T22:52:12","slug":"apres-6-ans-dabsence-frederic-francois-revient-dans-un-lieu-important-pour-lui-avec-femme-enfants-et-petits-enfants-ils-etaient-12","status":"publish","type":"post","link":"https:\/\/www.europesays.com\/fr\/332596\/","title":{"rendered":"\u201cApr\u00e8s 6 ans d\u2019absence\u201d : Fr\u00e9d\u00e9ric Fran\u00e7ois revient dans un lieu important pour lui avec femme, enfants et petits-enfants&#8230; ils \u00e9taient 12 !"},"content":{"rendered":"<p>            <img loading=\"lazy\" decoding=\"async\" src=\"https:\/\/www.europesays.com\/fr\/wp-content\/uploads\/2025\/04\/144-64f8c016610ee-35x35-1.jpg\" class=\"author-article-picture\" width=\"35\" height=\"35\"\/><\/p>\n<p>                Par<br \/>\n                                    <a class=\"author-article-bio-link\" href=\"https:\/\/www.purepeople.com\/auteur\/louise-martin_a144\" rel=\"nofollow noopener\" target=\"_blank\">Louise Martin<\/a><br \/>\n                                                    | R\u00e9dactrice<\/p>\n<p>\n                Koh Lanta, Les Marseillais mais aussi Mari\u00e9s au Premier regards\u2026 Louise Martin est une t\u00e9l\u00e9vore qui essaye, \u00e0 ses heures perdues, de refaire les g\u00e2teaux qu\u2019elle admire devant le Meilleur P\u00e2tissier\u2026 mais elle ne risque pas de gagner le tablier bleu ! Les r\u00e9seaux sociaux n\u2019ont pas de secret pour elle, les derniers scoops, les derni\u00e8res \u00e9missions, elle les conna\u00eet tous.\n            <\/p>\n<p>\n    En cette p\u00e9riode estivale, le c\u00e9l\u00e8bre chanteur Fr\u00e9d\u00e9ric Fran\u00e7ois a lev\u00e9 le voile sur ses vacances particuli\u00e8rement symboliques dans les colonnes de \u00ab\u00a0Soir Mag\u00a0\u00bb ce mercredi 20 ao\u00fbt 2025. Entour\u00e9 de son clan, l&rsquo;interpr\u00e8te de \u00ab\u00a0Je t&rsquo;aime \u00e0 l&rsquo;italienne\u00a0\u00bb est revenu sur ses terres natales apr\u00e8s six ans d&rsquo;absence. Un moment riche en \u00e9motions&#8230;\n<\/p>\n<p>                            <img loading=\"lazy\" decoding=\"async\" class=\"player-thumbnail\" src=\"https:\/\/www.europesays.com\/fr\/wp-content\/uploads\/2025\/08\/04cc990d44e31835-580x326-1.jpg\" width=\"580\" height=\"326\"\/><\/p>\n<p>                    \u201cApr\u00e8s 6 ans d\u2019absence\u201d : Fr\u00e9d\u00e9ric Fran\u00e7ois revient dans un lieu important pour lui avec femme, enfants et petits-enfants&#8230; ils \u00e9taient 12 !<\/p>\n<p>La suite apr\u00e8s la publicit\u00e9<\/p>\n<p><strong>S&rsquo;il a principalement grandi en Belgique<\/strong>, le chanteur <a href=\"https:\/\/www.purepeople.com\/people\/frederic-francois_p1688\" rel=\"nofollow noopener\" target=\"_blank\">Fr\u00e9d\u00e9ric Fran\u00e7ois<\/a> a vu le jour en Sicile, le 3 juin 1950. Ayant derni\u00e8rement souffl\u00e9 sa 75e bougie, l&rsquo;artiste belgo-italien <strong>affiche toujours une forme olympique. <\/strong>Pour rappel en 2019, l&rsquo;interpr\u00e8te de Mon coeur te dit je t&rsquo;aime avait c\u00e9l\u00e9br\u00e9 en grande pompe au Grand Rex \u00e0 Paris, <a href=\"https:\/\/www.purepeople.com\/article\/frederic-francois-50-ans-de-carriere-sur-scene-les-vip-a-la-fete_a356159\/1\" rel=\"nofollow noopener\" target=\"_blank\">ses 50 ans de carri\u00e8re.<\/a> Cette ann\u00e9e encore, il a ravi son fid\u00e8le public en d\u00e9voilant son 39e opus intitul\u00e9 Tout s\u2019oublie un jour. Etant l&rsquo;heureux papa de quatre enfants issus de son <a href=\"https:\/\/www.purepeople.com\/article\/frederic-francois-sa-femme-monique-agacee-evoque-les-groupies-qui-rodaient_a422429\/1\" rel=\"nofollow noopener\" target=\"_blank\">union avec Monique Vercauteren<\/a>, Fr\u00e9d\u00e9ric Fran\u00e7ois n&rsquo;a <a href=\"https:\/\/www.purepeople.com\/article\/frederic-francois-ses-confidences-je-n-ai-pas-vu-mes-enfants-grandir_a130252\/1\" rel=\"nofollow noopener\" target=\"_blank\">malheureusement pas toujours \u00e9t\u00e9 pour les siens.<\/a><\/p>\n<p>Mais cet \u00e9t\u00e9, comme il l&rsquo;a confi\u00e9 dans les pages de Soir Mag ce mercredi 20 ao\u00fbt, le papa de Gloria (1971) Vincent (1972) Anthony (1976) et Victoria (1990) <strong>est revenu sur ses terres natales avec sa famille. <\/strong>Un voyage particuli\u00e8rement symbolique pour l&rsquo;ic\u00f4ne qui n&rsquo;y \u00e9tait pas revenue depuis plusieurs ann\u00e9es. \u00ab\u00a0Je suis retourn\u00e9 en Sicile apr\u00e8s six ans d&rsquo;absence. Le but \u00e9tait de faire d\u00e9couvrir \u00e0 mes enfants, et <a href=\"https:\/\/www.purepeople.com\/article\/frederic-francois-mes-deux-nouveaux-petits-enfants-sont-mes-cadeaux-de-noel_a112571\/1\" rel=\"nofollow noopener\" target=\"_blank\">surtout \u00e0 mes petits-enfants<\/a>, l&rsquo;\u00eele o\u00f9 je suis n\u00e9\u00a0\u00bb, a pr\u00e9cis\u00e9 Fr\u00e9d\u00e9ric Fran\u00e7ois qui d\u00e9sormais met un point d&rsquo;honneur \u00e0<strong> entretenir un lien \u00e9troit avec eux tous.<\/strong><\/p>\n<p>Fr\u00e9d\u00e9ric Fran\u00e7ois : un \u00ab\u00a0retour aux sources\u00a0\u00bb en famille, il se livre sur ses racines retrouv\u00e9es<\/p>\n<p>L&rsquo;occasion pour lui de r\u00e9unir toute sa tribu au soleil. \u00ab\u00a0Je pensais partir en petit comit\u00e9 et<strong> nous nous sommes finalement retrouv\u00e9s \u00e0 douze !<\/strong> La premi\u00e8re chose que j&rsquo;ai faite en descendant de l&rsquo;avion, c&rsquo;\u00e9tait de toucher le sol, comme le pape Fran\u00e7ois (rires). C&rsquo;est un vrai retour aux sources\u00a0\u00bb, a ajout\u00e9 Fr\u00e9d\u00e9ric Fran\u00e7ois avant d&rsquo;en dire davantage quant \u00e0 l<strong>&lsquo;organisation de leur vir\u00e9e italienne <\/strong>: \u00ab\u00a0Nous avons commenc\u00e9 par Mondello, le Saint-Tropez sicilien, avant de visiter Palerme et son incroyable architecture, v\u00e9ritable m\u00e9lange des civilisations.\u00a0\u00bb<\/p>\n<p>Autre \u00ab\u00a0moment fort\u00a0\u00bb de leur idyllique vir\u00e9e<strong>, leur passage \u00e0 \u00ab\u00a0<\/strong><strong>Lercara Friddi\u00a0\u00bb<\/strong><strong>,<\/strong> lieu o\u00f9 il est n\u00e9. \u00ab\u00a0Emmener tout le monde voir la maison o\u00f9 je suis n\u00e9, sur la fa\u00e7ade de laquelle il y a maintenant une plaque honorifique : &lsquo;Ici est n\u00e9 Francesco Barracato dit Fr\u00e9d\u00e9ric Fran\u00e7ois&rsquo;. C&rsquo;\u00e9tait important que les enfants aient des photos souvenirs devant cette maison, s&rsquo;est rem\u00e9mor\u00e9 le septuag\u00e9naire toujours hant\u00e9 par <a href=\"https:\/\/www.purepeople.com\/article\/frederic-francois-doublement-endeuille-cette-terrible-journee-durant-laquelle-sa-femme-monique-a-perdu-leurs-jumeaux_a523791\/1\" rel=\"nofollow noopener\" target=\"_blank\">la mort de ses jumeaux<\/a>. Et nous en avons profit\u00e9 pour c\u00e9l\u00e9brer les 90 ans d&rsquo;une de mes tantes, <strong>une soir\u00e9e magnifique avec tous les Barracato.<\/strong> C&rsquo;\u00e9tait extraordinaire !\u00a0\u00bb.\u00a0<\/p>\n","protected":false},"excerpt":{"rendered":"Par Louise Martin | R\u00e9dactrice Koh Lanta, Les Marseillais mais aussi Mari\u00e9s au Premier regards\u2026 Louise Martin est&hellip;\n","protected":false},"author":2,"featured_media":332597,"comment_status":"","ping_status":"","sticky":false,"template":"","format":"standard","meta":{"footnotes":""},"categories":[1359],"tags":[58,59,1011,27,973],"class_list":{"0":"post-332596","1":"post","2":"type-post","3":"status-publish","4":"format-standard","5":"has-post-thumbnail","7":"category-people","8":"tag-divertissement","9":"tag-entertainment","10":"tag-fr","11":"tag-france","12":"tag-people"},"share_on_mastodon":{"url":"https:\/\/pubeurope.com\/@fr\/115063550376752697","error":""},"_links":{"self":[{"href":"https:\/\/www.europesays.com\/fr\/wp-json\/wp\/v2\/posts\/332596","targetHints":{"allow":["GET"]}}],"collection":[{"href":"https:\/\/www.europesays.com\/fr\/wp-json\/wp\/v2\/posts"}],"about":[{"href":"https:\/\/www.europesays.com\/fr\/wp-json\/wp\/v2\/types\/post"}],"author":[{"embeddable":true,"href":"https:\/\/www.europesays.com\/fr\/wp-json\/wp\/v2\/users\/2"}],"replies":[{"embeddable":true,"href":"https:\/\/www.europesays.com\/fr\/wp-json\/wp\/v2\/comments?post=332596"}],"version-history":[{"count":0,"href":"https:\/\/www.europesays.com\/fr\/wp-json\/wp\/v2\/posts\/332596\/revisions"}],"wp:featuredmedia":[{"embeddable":true,"href":"https:\/\/www.europesays.com\/fr\/wp-json\/wp\/v2\/media\/332597"}],"wp:attachment":[{"href":"https:\/\/www.europesays.com\/fr\/wp-json\/wp\/v2\/media?parent=332596"}],"wp:term":[{"taxonomy":"category","embeddable":true,"href":"https:\/\/www.europesays.com\/fr\/wp-json\/wp\/v2\/categories?post=332596"},{"taxonomy":"post_tag","embeddable":true,"href":"https:\/\/www.europesays.com\/fr\/wp-json\/wp\/v2\/tags?post=332596"}],"curies":[{"name":"wp","href":"https:\/\/api.w.org\/{rel}","templated":true}]}}