{"id":332598,"date":"2025-08-20T22:53:13","date_gmt":"2025-08-20T22:53:13","guid":{"rendered":"https:\/\/www.europesays.com\/fr\/332598\/"},"modified":"2025-08-20T22:53:13","modified_gmt":"2025-08-20T22:53:13","slug":"a-lannion-un-appel-a-colorer-la-place-du-centre","status":"publish","type":"post","link":"https:\/\/www.europesays.com\/fr\/332598\/","title":{"rendered":"\u00c0 Lannion, un appel \u00e0 colorer la place du Centre"},"content":{"rendered":"<p>\u00ab\u00a0Colorons la place du G\u00e9n\u00e9ral Leclerc\u00a0\u00bb. Dans le cadre des animations propos\u00e9es par la Ville, cette derni\u00e8re invite le public \u00e0 se retrouver pour une \u00ab\u00a0session de peinture collective\u00a0\u00bb. Rendez-vous place du Centre, comme l\u2019appellent les locaux, les jeudis 21 et 28 ao\u00fbt, de 15\u00a0h \u00e0 17\u00a0h. \u00ab\u00a0La gouache, les pinceaux et pochoirs seront mis \u00e0 votre disposition\u00a0\u00bb, pr\u00e9cise la ville. L\u2019animation est gratuite. Le rendez-vous est fix\u00e9 sur \u00ab\u00a0l\u2019espace apais\u00e9\u00a0\u00bb, soit l\u2019emplacement d\u00e9limit\u00e9 avec les pots de plantes vertes entre le Flambart et la cr\u00eaperie.<\/p>\n","protected":false},"excerpt":{"rendered":"\u00ab\u00a0Colorons la place du G\u00e9n\u00e9ral Leclerc\u00a0\u00bb. Dans le cadre des animations propos\u00e9es par la Ville, cette derni\u00e8re invite&hellip;\n","protected":false},"author":2,"featured_media":332599,"comment_status":"","ping_status":"","sticky":false,"template":"","format":"standard","meta":{"footnotes":""},"categories":[1358],"tags":[1348,1384,1385,1386,58,59,1011,27,5862],"class_list":{"0":"post-332598","1":"post","2":"type-post","3":"status-publish","4":"format-standard","5":"has-post-thumbnail","7":"category-arts-et-design","8":"tag-arts","9":"tag-arts-and-design","10":"tag-arts-et-design","11":"tag-design","12":"tag-divertissement","13":"tag-entertainment","14":"tag-fr","15":"tag-france","16":"tag-lannion"},"share_on_mastodon":{"url":"https:\/\/pubeurope.com\/@fr\/115063554234230121","error":""},"_links":{"self":[{"href":"https:\/\/www.europesays.com\/fr\/wp-json\/wp\/v2\/posts\/332598","targetHints":{"allow":["GET"]}}],"collection":[{"href":"https:\/\/www.europesays.com\/fr\/wp-json\/wp\/v2\/posts"}],"about":[{"href":"https:\/\/www.europesays.com\/fr\/wp-json\/wp\/v2\/types\/post"}],"author":[{"embeddable":true,"href":"https:\/\/www.europesays.com\/fr\/wp-json\/wp\/v2\/users\/2"}],"replies":[{"embeddable":true,"href":"https:\/\/www.europesays.com\/fr\/wp-json\/wp\/v2\/comments?post=332598"}],"version-history":[{"count":0,"href":"https:\/\/www.europesays.com\/fr\/wp-json\/wp\/v2\/posts\/332598\/revisions"}],"wp:featuredmedia":[{"embeddable":true,"href":"https:\/\/www.europesays.com\/fr\/wp-json\/wp\/v2\/media\/332599"}],"wp:attachment":[{"href":"https:\/\/www.europesays.com\/fr\/wp-json\/wp\/v2\/media?parent=332598"}],"wp:term":[{"taxonomy":"category","embeddable":true,"href":"https:\/\/www.europesays.com\/fr\/wp-json\/wp\/v2\/categories?post=332598"},{"taxonomy":"post_tag","embeddable":true,"href":"https:\/\/www.europesays.com\/fr\/wp-json\/wp\/v2\/tags?post=332598"}],"curies":[{"name":"wp","href":"https:\/\/api.w.org\/{rel}","templated":true}]}}