{"id":332600,"date":"2025-08-20T22:54:20","date_gmt":"2025-08-20T22:54:20","guid":{"rendered":"https:\/\/www.europesays.com\/fr\/332600\/"},"modified":"2025-08-20T22:54:20","modified_gmt":"2025-08-20T22:54:20","slug":"le-corps-au-coeur-dun-livre-sur-les-proces-de-sorcellerie","status":"publish","type":"post","link":"https:\/\/www.europesays.com\/fr\/332600\/","title":{"rendered":"Le corps au c\u0153ur d\u2019un livre sur les proc\u00e8s de sorcellerie"},"content":{"rendered":"<p>La th\u00e9matique des proc\u00e8s en sorcellerie a \u00e9t\u00e9 trait\u00e9e de long en large et en travers. Que pouvait-on en dire de plus? Enfant de Courchapoix, Gilliane Barthe l\u2019a trouv\u00e9 par une approche in\u00e9dite: elle a sorti un ouvrage o\u00f9 elle place au centre de son questionnement le r\u00f4le du corps de ces soi-disant sorci\u00e8res dans leurs jugements, sommaires et exp\u00e9ditifs.<br \/>Le titre de son&#8230;<\/p>\n","protected":false},"excerpt":{"rendered":"La th\u00e9matique des proc\u00e8s en sorcellerie a \u00e9t\u00e9 trait\u00e9e de long en large et en travers. Que pouvait-on&hellip;\n","protected":false},"author":2,"featured_media":332601,"comment_status":"","ping_status":"","sticky":false,"template":"","format":"standard","meta":{"footnotes":""},"categories":[1357],"tags":[1379,58,59,1011,27,1380],"class_list":{"0":"post-332600","1":"post","2":"type-post","3":"status-publish","4":"format-standard","5":"has-post-thumbnail","7":"category-livres","8":"tag-books","9":"tag-divertissement","10":"tag-entertainment","11":"tag-fr","12":"tag-france","13":"tag-livres"},"share_on_mastodon":{"url":"https:\/\/pubeurope.com\/@fr\/115063558297592532","error":""},"_links":{"self":[{"href":"https:\/\/www.europesays.com\/fr\/wp-json\/wp\/v2\/posts\/332600","targetHints":{"allow":["GET"]}}],"collection":[{"href":"https:\/\/www.europesays.com\/fr\/wp-json\/wp\/v2\/posts"}],"about":[{"href":"https:\/\/www.europesays.com\/fr\/wp-json\/wp\/v2\/types\/post"}],"author":[{"embeddable":true,"href":"https:\/\/www.europesays.com\/fr\/wp-json\/wp\/v2\/users\/2"}],"replies":[{"embeddable":true,"href":"https:\/\/www.europesays.com\/fr\/wp-json\/wp\/v2\/comments?post=332600"}],"version-history":[{"count":0,"href":"https:\/\/www.europesays.com\/fr\/wp-json\/wp\/v2\/posts\/332600\/revisions"}],"wp:featuredmedia":[{"embeddable":true,"href":"https:\/\/www.europesays.com\/fr\/wp-json\/wp\/v2\/media\/332601"}],"wp:attachment":[{"href":"https:\/\/www.europesays.com\/fr\/wp-json\/wp\/v2\/media?parent=332600"}],"wp:term":[{"taxonomy":"category","embeddable":true,"href":"https:\/\/www.europesays.com\/fr\/wp-json\/wp\/v2\/categories?post=332600"},{"taxonomy":"post_tag","embeddable":true,"href":"https:\/\/www.europesays.com\/fr\/wp-json\/wp\/v2\/tags?post=332600"}],"curies":[{"name":"wp","href":"https:\/\/api.w.org\/{rel}","templated":true}]}}