{"id":332604,"date":"2025-08-20T22:56:11","date_gmt":"2025-08-20T22:56:11","guid":{"rendered":"https:\/\/www.europesays.com\/fr\/332604\/"},"modified":"2025-08-20T22:56:11","modified_gmt":"2025-08-20T22:56:11","slug":"pierre-garnier-decu-apres-un-concert-rate","status":"publish","type":"post","link":"https:\/\/www.europesays.com\/fr\/332604\/","title":{"rendered":"Pierre Garnier d\u00e9\u00e7u apr\u00e8s un concert rat\u00e9"},"content":{"rendered":"<p><img decoding=\"async\" src=\"https:\/\/www.europesays.com\/fr\/wp-content\/uploads\/2025\/08\/photo_1755696701.jpg\" class=\"textcenter img-content\" loading=\"lazy\"\/>Bestimage<br \/>\n<br \/>\nLe succ\u00e8s ne faiblit pas pour Pierre Garnier. Son premier album <a href=\"https:\/\/www.chartsinfrance.net\/actualite\/news-131596.html\" target=\"_blank\" class=\"spip_out\" rel=\"nofollow noopener\">\u00ab\u00a0Chaque seconde\u00a0\u00bb<\/a> s&rsquo;est \u00e9coul\u00e9 \u00e0 270.000 exemplaires et il a remport\u00e9 <a href=\"https:\/\/www.chartsinfrance.net\/actualite\/news-131594.html\" target=\"_blank\" class=\"spip_out\" rel=\"nofollow noopener\">deux prix aux derni\u00e8res Victoires de la Musique<\/a> : R\u00e9v\u00e9lation masculine et Chanson de l&rsquo;ann\u00e9e pour \u00ab\u00a0Ceux qu&rsquo;on \u00e9tait\u00a0\u00bb. \u00ab Le public vient me voir, moi et mes chansons. C&rsquo;est ce que je voulais faire et j&rsquo;y arrive enfin : faire de la sc\u00e8ne, chanter avec les gens, vivre un moment unique d&rsquo;une heure et demi. Je prends le maximum et \u00e7a ne me fait que du bien ! \u00bb confiait <a href=\"https:\/\/www.chartsinfrance.net\/actualite\/news-131226.html\" target=\"_blank\" class=\"spip_out\" rel=\"nofollow noopener\">en interview sur Purecharts<\/a> le gagnant de la \u00ab\u00a0Star Academy\u00a0\u00bb. Avant une nouvelle salve de dates dans les Z\u00e9nith, et <a href=\"https:\/\/www.chartsinfrance.net\/Pierre-Garnier\/news-130715.html\" target=\"_blank\" class=\"spip_out\" rel=\"nofollow noopener\">son premier Accor Arena<\/a> le 9 d\u00e9cembre prochain, l&rsquo;interpr\u00e8te de <a href=\"https:\/\/www.chartsinfrance.net\/Star-Academy\/news-128803.html\" target=\"_blank\" class=\"spip_out\" rel=\"nofollow noopener\">\u00ab\u00a0Nous on sait\u00a0\u00bb<\/a> est actuellement sur la route des festivals, o\u00f9 il encha\u00eene les dates devant un public ravi. Mais il arrive parfois que certains soirs soient moins r\u00e9ussis que d&rsquo;autres. <\/p>\n<p>Le player Dailymotion est en train de se charger&#8230;<\/p>\n<p>\u00ab\u00a0J&rsquo;ai chant\u00e9 comme de la m&#8230;.\u00a0\u00bb<br \/>\nEn effet, le chanteur normand a pris l&rsquo;habitude d&rsquo;ouvrir son quotidien \u00e0 ses fans \u00e0 travers des vlogs film\u00e9s dans les coulisses de ses concerts. Dans le dernier num\u00e9ro, publi\u00e9 ce mardi, on le retrouve en backstage du Stade Pierre Mauroy de Lille pour <a href=\"https:\/\/www.chartsinfrance.net\/Pierre-Garnier\/news-132963.html\" target=\"_blank\" class=\"spip_out\" rel=\"nofollow noopener\">son apparition surprise au show d&rsquo;Ed Sheeran<\/a>, tr\u00e8s proche d&rsquo;Helena ou retrouvant L\u00e9nie, mais aussi lors d&rsquo;une date au Festival du Ch\u00e2teau \u00e0 Solli\u00e8s-Pont, dans le Var, mi-juillet. Et c&rsquo;est lors de celle-ci que Pierre Garnier semble avoir v\u00e9cu une mauvaise soir\u00e9e. Interrog\u00e9 apr\u00e8s l&rsquo;\u00e9v\u00e9nement, l&rsquo;artiste s&rsquo;avoue tr\u00e8s d\u00e9\u00e7u du show de la soir\u00e9e. <\/p>\n<p>\u00ab C&rsquo;\u00e9tait bien en vrai, mais \u00e7a m&rsquo;a soul\u00e9 car j&rsquo;ai chant\u00e9 comme de la merde, alors que je n&rsquo;avais rien de particulier \u00bb lance-t-il face cam\u00e9ra, sans pour autant expliquer les raisons de ce couac : \u00ab Pas de probl\u00e8mes&#8230; Je ne sais m\u00eame pas ce que j&rsquo;ai eu&#8230; J&rsquo;ai chant\u00e9 comme de la m*rde \u00bb. Alors qu&rsquo;une membre de son \u00e9quipe lui assure que cela arrive d&rsquo;avoir des jours sans, le chanteur r\u00e9plique d&#8217;embl\u00e9e : \u00ab Y en a eu des soirs moins bien mais des soirs comme \u00e7a, non ! \u00bb. Nul doute qu&rsquo;il saura retrouver sa pleine forme pour ses prochains en concert en festival, jusqu&rsquo;\u00e0 la mi-septembre !<\/p>\n","protected":false},"excerpt":{"rendered":"Bestimage Le succ\u00e8s ne faiblit pas pour Pierre Garnier. Son premier album \u00ab\u00a0Chaque seconde\u00a0\u00bb s&rsquo;est \u00e9coul\u00e9 \u00e0 270.000&hellip;\n","protected":false},"author":2,"featured_media":332605,"comment_status":"","ping_status":"","sticky":false,"template":"","format":"standard","meta":{"footnotes":""},"categories":[1355],"tags":[58,59,1011,27,1361,873],"class_list":{"0":"post-332604","1":"post","2":"type-post","3":"status-publish","4":"format-standard","5":"has-post-thumbnail","7":"category-musique","8":"tag-divertissement","9":"tag-entertainment","10":"tag-fr","11":"tag-france","12":"tag-music","13":"tag-musique"},"share_on_mastodon":{"url":"https:\/\/pubeurope.com\/@fr\/115063566136762406","error":""},"_links":{"self":[{"href":"https:\/\/www.europesays.com\/fr\/wp-json\/wp\/v2\/posts\/332604","targetHints":{"allow":["GET"]}}],"collection":[{"href":"https:\/\/www.europesays.com\/fr\/wp-json\/wp\/v2\/posts"}],"about":[{"href":"https:\/\/www.europesays.com\/fr\/wp-json\/wp\/v2\/types\/post"}],"author":[{"embeddable":true,"href":"https:\/\/www.europesays.com\/fr\/wp-json\/wp\/v2\/users\/2"}],"replies":[{"embeddable":true,"href":"https:\/\/www.europesays.com\/fr\/wp-json\/wp\/v2\/comments?post=332604"}],"version-history":[{"count":0,"href":"https:\/\/www.europesays.com\/fr\/wp-json\/wp\/v2\/posts\/332604\/revisions"}],"wp:featuredmedia":[{"embeddable":true,"href":"https:\/\/www.europesays.com\/fr\/wp-json\/wp\/v2\/media\/332605"}],"wp:attachment":[{"href":"https:\/\/www.europesays.com\/fr\/wp-json\/wp\/v2\/media?parent=332604"}],"wp:term":[{"taxonomy":"category","embeddable":true,"href":"https:\/\/www.europesays.com\/fr\/wp-json\/wp\/v2\/categories?post=332604"},{"taxonomy":"post_tag","embeddable":true,"href":"https:\/\/www.europesays.com\/fr\/wp-json\/wp\/v2\/tags?post=332604"}],"curies":[{"name":"wp","href":"https:\/\/api.w.org\/{rel}","templated":true}]}}